{"id":27608,"date":"2021-09-07T06:00:00","date_gmt":"2021-09-07T04:00:00","guid":{"rendered":"https:\/\/www.opinionpublica.tv\/portada\/2021\/09\/07\/album-de-familia\/"},"modified":"2021-09-07T06:00:00","modified_gmt":"2021-09-07T04:00:00","slug":"album-de-familia","status":"publish","type":"post","link":"https:\/\/www.opinionpublica.tv\/portada\/album-de-familia\/","title":{"rendered":"\u00c1lbum de familia"},"content":{"rendered":"<img fetchpriority=\"high\" decoding=\"async\" class=\" size-full wp-image-27606\" src=\"https:\/\/www.opinionpublica.tv\/portada\/wp-content\/uploads\/2021\/09\/a46644ec343de2c21f6fe5df20680e93.jpg\" alt=\"\" class=\"caption\" title=\"Myrna Alicia Pastrana Sol\u00eds.\" width=\"277\" height=\"270\" \/>\n<p style=\"text-align: justify;\">Los \u00e1lbumes de fotograf\u00edas impresas en papel cada vez son menos frecuentes y en mucho lo debemos a las nuevas tecnolog\u00edas. Extra\u00f1aremos el tufillo que despiden al hojearlos por los a\u00f1os de encierro, aroma de tabaco seco o de madera a punto de convertirse en viruta.<\/p>\n<p><!--more--><\/p>\n<p style=\"text-align: justify;\">Im\u00e1genes de personas que no llegamos a conocer, por ello es que siempre he pensado en el buen tino que tuvo la abuela al escribir el nombre del fotografiado por el reverso, as\u00ed uno dice, \u00a1ah s\u00ed! este se\u00f1or era hermano de mi bisabuelo o primo o algo, pero se le reconoce como pariente.<\/p>\n<p style=\"text-align: justify;\"><img decoding=\"async\" class=\" size-full wp-image-27607\" src=\"https:\/\/www.opinionpublica.tv\/portada\/wp-content\/uploads\/2021\/09\/corralina.png\" width=\"458\" height=\"380\" srcset=\"https:\/\/www.opinionpublica.tv\/portada\/wp-content\/uploads\/2021\/09\/corralina.png 458w, https:\/\/www.opinionpublica.tv\/portada\/wp-content\/uploads\/2021\/09\/corralina-300x249.png 300w\" sizes=\"(max-width: 458px) 100vw, 458px\" \/>\u00a0<\/p>\n<p style=\"text-align: justify;\">Al dar la vuelta a la hoja de cartoncillo, aparece una foto fuera de lugar, cortada, decapitada simb\u00f3licamente y viene la pregunta: \u00bfPor qu\u00e9?<\/p>\n<p style=\"text-align: justify;\">Sin duda, cada fotograf\u00eda mutilada esconde un buen guion para escribir una novela al estilo de Agatha Christie y al tiempo se da uno cuenta que la imagen guillotinada con unas tijeras de papel, correspond\u00eda a una prima pol\u00edtica que mantuvo una relaci\u00f3n de odio con otra que estaba a tres cuerpos a la izquierda.<\/p>\n<p style=\"text-align: justify;\">\u00bfSer\u00e1 por eso que en la galer\u00eda de ex gobernadores de Chihuahua hacen ajustes para que no queden cerca los que no se caen bien? Finalmente, los fotografiados est\u00e1n de frente.<\/p>\n<p style=\"text-align: justify;\">Una imagen (si tuviera vida) no tiene posibilidad de encontrarse con su antecesor o predecesor ni de reojo y para bien o para mal, forman parte de la historia de Chihuahua.<\/p>\n","protected":false},"excerpt":{"rendered":"<p>Los \u00e1lbumes de fotograf\u00edas impresas en papel cada vez son menos frecuentes y en mucho lo debemos a las nuevas tecnolog\u00edas. Extra\u00f1aremos el tufillo que despiden al hojearlos por los a\u00f1os de encierro, aroma de tabaco seco o de madera a punto de convertirse en viruta.<\/p>\n","protected":false},"author":6,"featured_media":27606,"comment_status":"open","ping_status":"open","sticky":false,"template":"","format":"standard","meta":{"_acf_changed":false,"_monsterinsights_skip_tracking":false,"slim_seo":{"title":"\u00c1lbum de familia - Opini\u00f3n P\u00fablica","description":"Los \u00e1lbumes de fotograf\u00edas impresas en papel cada vez son menos frecuentes y en mucho lo debemos a las nuevas tecnolog\u00edas. Extra\u00f1aremos el tufillo que despiden"},"footnotes":""},"categories":[36],"tags":[],"class_list":["post-27608","post","type-post","status-publish","format-standard","has-post-thumbnail","hentry","category-pensandola-bien"],"acf":[],"_links":{"self":[{"href":"https:\/\/www.opinionpublica.tv\/portada\/wp-json\/wp\/v2\/posts\/27608","targetHints":{"allow":["GET"]}}],"collection":[{"href":"https:\/\/www.opinionpublica.tv\/portada\/wp-json\/wp\/v2\/posts"}],"about":[{"href":"https:\/\/www.opinionpublica.tv\/portada\/wp-json\/wp\/v2\/types\/post"}],"author":[{"embeddable":true,"href":"https:\/\/www.opinionpublica.tv\/portada\/wp-json\/wp\/v2\/users\/6"}],"replies":[{"embeddable":true,"href":"https:\/\/www.opinionpublica.tv\/portada\/wp-json\/wp\/v2\/comments?post=27608"}],"version-history":[{"count":0,"href":"https:\/\/www.opinionpublica.tv\/portada\/wp-json\/wp\/v2\/posts\/27608\/revisions"}],"wp:featuredmedia":[{"embeddable":true,"href":"https:\/\/www.opinionpublica.tv\/portada\/wp-json\/wp\/v2\/media\/27606"}],"wp:attachment":[{"href":"https:\/\/www.opinionpublica.tv\/portada\/wp-json\/wp\/v2\/media?parent=27608"}],"wp:term":[{"taxonomy":"category","embeddable":true,"href":"https:\/\/www.opinionpublica.tv\/portada\/wp-json\/wp\/v2\/categories?post=27608"},{"taxonomy":"post_tag","embeddable":true,"href":"https:\/\/www.opinionpublica.tv\/portada\/wp-json\/wp\/v2\/tags?post=27608"}],"curies":[{"name":"wp","href":"https:\/\/api.w.org\/{rel}","templated":true}]}}