{"id":27488,"date":"2021-08-29T06:00:00","date_gmt":"2021-08-29T04:00:00","guid":{"rendered":"https:\/\/www.opinionpublica.tv\/portada\/2021\/08\/29\/efemerides-29-de-agosto-5\/"},"modified":"2021-08-29T06:00:00","modified_gmt":"2021-08-29T04:00:00","slug":"efemerides-29-de-agosto-5","status":"publish","type":"post","link":"https:\/\/www.opinionpublica.tv\/portada\/efemerides-29-de-agosto-5\/","title":{"rendered":"Efem\u00e9rides 29 de agosto"},"content":{"rendered":"<img fetchpriority=\"high\" decoding=\"async\" class=\" size-full wp-image-27487\" src=\"https:\/\/www.opinionpublica.tv\/portada\/wp-content\/uploads\/2021\/08\/4c76863ac681cd022e13e0f7485e3f3e.jpg\" alt=\"\" class=\"caption\" title=\"La c\u00e1psula espacial estadounidense 'Gemini V' tuvo muchos contratiempos en la carrera del espacio.\" width=\"512\" height=\"384\" srcset=\"https:\/\/www.opinionpublica.tv\/portada\/wp-content\/uploads\/2021\/08\/4c76863ac681cd022e13e0f7485e3f3e.jpg 512w, https:\/\/www.opinionpublica.tv\/portada\/wp-content\/uploads\/2021\/08\/4c76863ac681cd022e13e0f7485e3f3e-300x225.jpg 300w\" sizes=\"(max-width: 512px) 100vw, 512px\" \/>\n<p style=\"text-align: justify;\">Un d\u00eda 29 de agosto como hoy, pero de 1965, retorna la c\u00e1psula espacial estadounidense \u00abGemini V\u00bb, tripulada por Gordon Cooper y Charles Conrad, tras el r\u00e9cord de una semana en el espacio.<\/p>\n<p><!--more--><\/p>\n<p style=\"text-align: justify;\"><strong>M\u00e1s efem\u00e9rides<\/strong><\/p>\n<p style=\"text-align: justify;\">1540.- Las galeras de Bernardino de Mendoza destruyen la escuadra turca que trat\u00f3 de apoderarse de Gibraltar.<\/p>\n<p style=\"text-align: justify;\">1632.- Nace John Locke, fil\u00f3sofo ingl\u00e9s.<\/p>\n<p style=\"text-align: justify;\">1778.- Nace Dominique Ingres, pintor y dibujante franc\u00e9s 1842.- Tratado final de la guerra del opio por el que China cede Hong Kong a Gran Breta\u00f1a y abre varios puertos al comercio brit\u00e1nico.<\/p>\n<p style=\"text-align: justify;\">1825.- Portugal reconoce la separaci\u00f3n e independencia del imperio brasile\u00f1o mediante una \u00abindemnizaci\u00f3n\u00bb de un mill\u00f3n de libras esterlinas.<\/p>\n<p style=\"text-align: justify;\">1862.- Giuseppe Garibaldi es derrotado, herido y hecho prisionero en Aspromonte (Mil\u00e1n), y finalizan dos a\u00f1os del movimiento revolucionario que lider\u00f3.<\/p>\n<p style=\"text-align: justify;\">1862.- Nace Maurice Maeterlinck, escritor belga y Premio Nobel en 1911.<\/p>\n<p style=\"text-align: justify;\">1903.- Primera exhibici\u00f3n en Berl\u00edn de una pel\u00edcula sonora mediante gram\u00f3fono.<\/p>\n<p style=\"text-align: justify;\">1915.- Nace la actriz sueca Ingrid Bergman, quien fallece el mismo d\u00eda de 1982.<\/p>\n<p style=\"text-align: justify;\">1932.- Estalla y fracasa un movimiento revolucionario en Ecuador que caus\u00f3 mil muertos y centenares de heridos.<\/p>\n<p style=\"text-align: justify;\">1942.- Nace Oscar Collazos, escritor colombiano.<\/p>\n<p style=\"text-align: justify;\">1943.- El nazismo proclama la ley marcial en Dinamarca e inicia el terror contra la resistencia popular.<\/p>\n<p style=\"text-align: justify;\">1945.- Lord Mountbatten recibe en Singapur la capitulaci\u00f3n de las tropas japonesas del sudeste asi\u00e1tico.<\/p>\n<p style=\"text-align: justify;\">1947.- Fallece Manuel Rodr\u00edguez \u00abManolete\u00bb, torero espa\u00f1ol.<\/p>\n<p style=\"text-align: justify;\">1949.- La Uni\u00f3n Sovi\u00e9tica hace estallar su primera bomba at\u00f3mica.<\/p>\n<p style=\"text-align: justify;\">1950.- Guerra de Corea: los comunistas ocupan el puerto de Poang.<\/p>\n<p style=\"text-align: justify;\">1957.- Reuni\u00f3n en Santa Fe (Argentina) de la Convenci\u00f3n Constituyente.<\/p>\n<p style=\"text-align: justify;\">1958.- Nace Michael Jackson, cantante estadounidense.<\/p>\n<p style=\"text-align: justify;\">1960.- Fallece Vicky Baum, escritora austr\u00edaca.<\/p>\n<p style=\"text-align: justify;\">1962.- Fallece Carlos Lav\u00edn Acevedo, compositor chileno.<\/p>\n<p style=\"text-align: justify;\">1968.- Se implanta el Estado de Excepci\u00f3n en Guatemala.<\/p>\n<p style=\"text-align: justify;\">1969.- Movimiento de tierras en Guatemala: 80 personas sepultadas.<\/p>\n<p style=\"text-align: justify;\">1973.- El presidente egipcio, Anuar al Sadat, se entrevista con el coronel libio Muammar al Gadaffi en El Cairo e impone el abandono del proyecto de uni\u00f3n de Libia y Egipto.<\/p>\n<p style=\"text-align: justify;\">1975.- Es destituido en un golpe militar el presidente del Per\u00fa, general Juan Velasco Alvarado, y reemplazado por el general Francisco Morales Berm\u00fadez.<\/p>\n<p style=\"text-align: justify;\">1986.- El rey de Marruecos, Hassan II, anuncia la ruptura del tratado de uni\u00f3n con Libia firmado dos a\u00f1os antes.<\/p>\n<p style=\"text-align: justify;\">1987.- Fallece Lee Marvin, actor estadounidense de cine.<\/p>\n<p style=\"text-align: justify;\">1993.- Israel anuncia un preacuerdo con la OLP de autogobierno de la franja de Gaza y ciudad de Jeric\u00f3.<\/p>\n<p style=\"text-align: justify;\">1994.- Fidel Castro anuncia la adhesi\u00f3n de Cuba al Tratado de Tlatelolco contra la proliferaci\u00f3n de armas nucleares en Iberoam\u00e9rica.<\/p>\n<p style=\"text-align: justify;\">1995.- Fallece Enrique Carreras, cineasta argentino.<\/p>\n<p style=\"text-align: justify;\">2001.- Fallece Francisco Rabal, actor espa\u00f1ol.<\/p>\n<p style=\"text-align: justify;\">2003.- Atentado con coche-bomba ante la mezquita del im\u00e1m Al\u00ed en Nayaf (Irak): 80 fieles muertos, entre ellos el l\u00edder espiritual de Irak, Mohamed Baqir al Hakim, y 200 heridos.<\/p>\n<p style=\"text-align: justify;\">2005.- El hurac\u00e1n \u00abKatrina\u00bb arrasa buena parte de Nueva Orleans y otras \u00e1reas de Luisiana, Texas y Misisipi: 1.800 muertos y millones de damnificados.<\/p>\n<p style=\"text-align: justify;\">2006.- Fallecen 82 personas en Irak cuando intentaban robar combustible en un oleoducto.<\/p>\n<p style=\"text-align: justify;\">2009.- El transbordador Discovery despega de Cabo Ca\u00f1averal hacia la Estaci\u00f3n Espacial Internacional con siete astronautas en misi\u00f3n de 13 d\u00edas.<\/p>\n","protected":false},"excerpt":{"rendered":"<p>Un d\u00eda 29 de agosto como hoy, pero de 1965, retorna la c\u00e1psula espacial estadounidense \u00abGemini V\u00bb, tripulada por Gordon Cooper y Charles Conrad, tras el r\u00e9cord de una semana en el espacio.<\/p>\n","protected":false},"author":6,"featured_media":27487,"comment_status":"open","ping_status":"open","sticky":false,"template":"","format":"standard","meta":{"_acf_changed":false,"_monsterinsights_skip_tracking":false,"slim_seo":{"title":"Efem\u00e9rides 29 de agosto - Opini\u00f3n P\u00fablica","description":"Un d\u00eda 29 de agosto como hoy, pero de 1965, retorna la c\u00e1psula espacial estadounidense \"Gemini V\", tripulada por Gordon Cooper y Charles Conrad, tras el r\u00e9cord"},"footnotes":""},"categories":[27],"tags":[],"class_list":["post-27488","post","type-post","status-publish","format-standard","has-post-thumbnail","hentry","category-un-dia-como-hoy"],"acf":[],"_links":{"self":[{"href":"https:\/\/www.opinionpublica.tv\/portada\/wp-json\/wp\/v2\/posts\/27488","targetHints":{"allow":["GET"]}}],"collection":[{"href":"https:\/\/www.opinionpublica.tv\/portada\/wp-json\/wp\/v2\/posts"}],"about":[{"href":"https:\/\/www.opinionpublica.tv\/portada\/wp-json\/wp\/v2\/types\/post"}],"author":[{"embeddable":true,"href":"https:\/\/www.opinionpublica.tv\/portada\/wp-json\/wp\/v2\/users\/6"}],"replies":[{"embeddable":true,"href":"https:\/\/www.opinionpublica.tv\/portada\/wp-json\/wp\/v2\/comments?post=27488"}],"version-history":[{"count":0,"href":"https:\/\/www.opinionpublica.tv\/portada\/wp-json\/wp\/v2\/posts\/27488\/revisions"}],"wp:featuredmedia":[{"embeddable":true,"href":"https:\/\/www.opinionpublica.tv\/portada\/wp-json\/wp\/v2\/media\/27487"}],"wp:attachment":[{"href":"https:\/\/www.opinionpublica.tv\/portada\/wp-json\/wp\/v2\/media?parent=27488"}],"wp:term":[{"taxonomy":"category","embeddable":true,"href":"https:\/\/www.opinionpublica.tv\/portada\/wp-json\/wp\/v2\/categories?post=27488"},{"taxonomy":"post_tag","embeddable":true,"href":"https:\/\/www.opinionpublica.tv\/portada\/wp-json\/wp\/v2\/tags?post=27488"}],"curies":[{"name":"wp","href":"https:\/\/api.w.org\/{rel}","templated":true}]}}