{"id":27468,"date":"2021-08-29T06:00:00","date_gmt":"2021-08-29T04:00:00","guid":{"rendered":"https:\/\/www.opinionpublica.tv\/portada\/2021\/08\/29\/reforma-electoral\/"},"modified":"2021-08-29T06:00:00","modified_gmt":"2021-08-29T04:00:00","slug":"reforma-electoral","status":"publish","type":"post","link":"https:\/\/www.opinionpublica.tv\/portada\/reforma-electoral\/","title":{"rendered":"\u00bfReforma electoral?"},"content":{"rendered":"<img fetchpriority=\"high\" decoding=\"async\" class=\" size-full wp-image-27467\" src=\"https:\/\/www.opinionpublica.tv\/portada\/wp-content\/uploads\/2021\/08\/dd0dd5cd0264cc5f2d1a4fb6de4aa851.jpg\" alt=\"\" class=\"caption\" title=\"Jos\u00e9 Woldenberg, acad\u00e9mico y primer presidente del IFE.\" width=\"270\" height=\"235\" \/>\n<p style=\"text-align: justify;\">Todas las reformas electorales desde 1977 han tenido como motor demandas y planteamientos de las oposiciones. No siempre todos sus elementos fueron progresivos, se realizaron con el concurso del partido mayoritario, pero las 8 fueron acicateadas por reclamos democratizadores.<\/p>\n<p><!--more--><\/p>\n<p style=\"text-align: justify;\">En 1977 se abri\u00f3 la puerta a opciones pol\u00edticas a las que se manten\u00eda marginadas del mundo institucional y se modific\u00f3 la f\u00f3rmula de integraci\u00f3n de la C\u00e1mara de Diputados para inyectarle pluralismo. En 1986, aunque hubo retrocesos, se cre\u00f3 la Asamblea de Representantes del D.F., se increment\u00f3 el n\u00famero de diputados plurinominales y se estableci\u00f3 el primer tribunal electoral.<\/p>\n<p style=\"text-align: justify;\">En 1989-90 se fund\u00f3 el IFE para ofrecer garant\u00edas de imparcialidad y el Tribunal Federal Electoral. En 1993 se abrieron las puertas del Senado al pluralismo, se termin\u00f3 con la auto calificaci\u00f3n de las elecciones de diputados y senadores y se regul\u00f3 el financiamiento a los partidos. En 1994, se estableci\u00f3 una nueva integraci\u00f3n del Consejo General del IFE en la que los consejeros ciudadanos ten\u00edan la mayor\u00eda de los votos, se regul\u00f3 la observaci\u00f3n electoral, se permiti\u00f3 la presencia de \u201cvisitantes extranjeros\u201d y se reform\u00f3 el C\u00f3digo Penal para introducir delitos electorales.<\/p>\n<p style=\"text-align: justify;\">En 1996 sali\u00f3 del IFE la representaci\u00f3n gubernamental, se cre\u00f3 el Tribunal Electoral del Poder Judicial m\u00e1xima autoridad en la materia, se acordaron las f\u00f3rmulas de integraci\u00f3n de ambas C\u00e1maras que se mantienen inalteradas desde entonces, se estableci\u00f3 que el gobierno y los delegados del D. F. ser\u00edan electos y se construyeron condiciones de equidad para la competencia. En 2007 se regularon las precampa\u00f1as, se multiplicaron las capacidades de fiscalizaci\u00f3n del IFE, se reglament\u00f3 el acceso de los partidos a los medios. Y en 2014 se transform\u00f3 el IFE en INE y se abri\u00f3 paso a las candidaturas independientes.<\/p>\n<p style=\"text-align: justify;\">No son todas las reformas. Solo un listado m\u00ednimo para ilustrar que su est\u00edmulo fue la necesidad de incorporar a quienes estaban excluidos, crear instituciones imparciales y condiciones de la competencia equitativas, ofrecer cauces para desahogar los conflictos, contar con f\u00f3rmulas de traducci\u00f3n de votos en esca\u00f1os consensadas, en suma, eslabones necesarios para elecciones aut\u00e9nticas.<\/p>\n<p style=\"text-align: justify;\">Hoy que desde la presidencia y Morena se anuncia una nueva reforma, preocupa que lo que se quiera sea satisfacer fobias de la fuerza pol\u00edtica mayoritaria. Se avisa que se desea barrer con el INE y el Tribunal, puntales que han logrado inyectar imparcialidad y certeza en nuestros procesos electorales y que han permitido la expresi\u00f3n, recreaci\u00f3n, convivencia y competencia de la diversidad pol\u00edtica. Y adem\u00e1s se pretende impulsar f\u00f3rmulas de integraci\u00f3n del Congreso que quieren sobre representar a la mayor\u00eda y sub representar a las minor\u00edas.<\/p>\n<p style=\"text-align: justify;\">M\u00e9xico no ha logrado generar pol\u00edticas suficientes para abatir la pobreza, la educaci\u00f3n tiene un d\u00e9ficit de calidad que resulta inocultable, la inseguridad sigue devastando la convivencia en muy diferentes territorios, la desprotecci\u00f3n en materia de salud se incrementa, la fiscalidad es d\u00e9bil, el trabajo se precariza, la violencia contra las mujeres se incrementa y la corrupci\u00f3n sigue multiplic\u00e1ndose. Y la lista podr\u00eda crecer.<\/p>\n<p style=\"text-align: justify;\">Pero la prioridad del gobierno es meterle mano a lo que est\u00e1 funcionando. Una legislaci\u00f3n y unas instituciones que permiten a los ciudadanos optar entre diferentes plataformas pol\u00edticas y la convivencia de la pluralidad en las instituciones representativas.<\/p>\n","protected":false},"excerpt":{"rendered":"<p>Todas las reformas electorales desde 1977 han tenido como motor demandas y planteamientos de las oposiciones. No siempre todos sus elementos fueron progresivos, se realizaron con el concurso del partido mayoritario, pero las 8 fueron acicateadas por reclamos democratizadores.<\/p>\n","protected":false},"author":6,"featured_media":27467,"comment_status":"open","ping_status":"open","sticky":false,"template":"","format":"standard","meta":{"_acf_changed":false,"_monsterinsights_skip_tracking":false,"slim_seo":{"title":"\u00bfReforma electoral? - Opini\u00f3n P\u00fablica","description":"Todas las reformas electorales desde 1977 han tenido como motor demandas y planteamientos de las oposiciones. No siempre todos sus elementos fueron progresivos,"},"footnotes":""},"categories":[26],"tags":[],"class_list":["post-27468","post","type-post","status-publish","format-standard","has-post-thumbnail","hentry","category-de-chile-dulce-y-manteca-columna-invitada"],"acf":[],"_links":{"self":[{"href":"https:\/\/www.opinionpublica.tv\/portada\/wp-json\/wp\/v2\/posts\/27468","targetHints":{"allow":["GET"]}}],"collection":[{"href":"https:\/\/www.opinionpublica.tv\/portada\/wp-json\/wp\/v2\/posts"}],"about":[{"href":"https:\/\/www.opinionpublica.tv\/portada\/wp-json\/wp\/v2\/types\/post"}],"author":[{"embeddable":true,"href":"https:\/\/www.opinionpublica.tv\/portada\/wp-json\/wp\/v2\/users\/6"}],"replies":[{"embeddable":true,"href":"https:\/\/www.opinionpublica.tv\/portada\/wp-json\/wp\/v2\/comments?post=27468"}],"version-history":[{"count":0,"href":"https:\/\/www.opinionpublica.tv\/portada\/wp-json\/wp\/v2\/posts\/27468\/revisions"}],"wp:featuredmedia":[{"embeddable":true,"href":"https:\/\/www.opinionpublica.tv\/portada\/wp-json\/wp\/v2\/media\/27467"}],"wp:attachment":[{"href":"https:\/\/www.opinionpublica.tv\/portada\/wp-json\/wp\/v2\/media?parent=27468"}],"wp:term":[{"taxonomy":"category","embeddable":true,"href":"https:\/\/www.opinionpublica.tv\/portada\/wp-json\/wp\/v2\/categories?post=27468"},{"taxonomy":"post_tag","embeddable":true,"href":"https:\/\/www.opinionpublica.tv\/portada\/wp-json\/wp\/v2\/tags?post=27468"}],"curies":[{"name":"wp","href":"https:\/\/api.w.org\/{rel}","templated":true}]}}