{"id":27310,"date":"2021-08-10T06:00:00","date_gmt":"2021-08-10T04:00:00","guid":{"rendered":"https:\/\/www.opinionpublica.tv\/portada\/2021\/08\/10\/hasta-el-22-de-agosto-se-reuniran-diputados-salientes-y-entrantes\/"},"modified":"2021-08-10T06:00:00","modified_gmt":"2021-08-10T04:00:00","slug":"hasta-el-22-de-agosto-se-reuniran-diputados-salientes-y-entrantes","status":"publish","type":"post","link":"https:\/\/www.opinionpublica.tv\/portada\/hasta-el-22-de-agosto-se-reuniran-diputados-salientes-y-entrantes\/","title":{"rendered":"Hasta el 22 de agosto se reunir\u00e1n diputados salientes y entrantes"},"content":{"rendered":"<p><img fetchpriority=\"high\" decoding=\"async\" class=\" size-full wp-image-27309\" src=\"https:\/\/www.opinionpublica.tv\/portada\/wp-content\/uploads\/2021\/08\/6773bb8d838f1f3935be85d9f8fc0192.jpg\" alt=\"\" class=\"caption\" title=\"La nueva legislatura del Congreso del Estado de Chihuahua inicia el 1 de septiembre.\" width=\"322\" height=\"157\" srcset=\"https:\/\/www.opinionpublica.tv\/portada\/wp-content\/uploads\/2021\/08\/6773bb8d838f1f3935be85d9f8fc0192.jpg 322w, https:\/\/www.opinionpublica.tv\/portada\/wp-content\/uploads\/2021\/08\/6773bb8d838f1f3935be85d9f8fc0192-300x146.jpg 300w\" sizes=\"(max-width: 322px) 100vw, 322px\" \/><br \/>\n<!--more--><\/p>\n<p style=\"text-align: justify;\"><em>Chihuahua, Chih<\/em>.- La diputada Blanca G\u00e1mez, presidente del Congreso del Estado, inform\u00f3 que ser\u00e1 hasta el 22 de agosto cuando se inicie de manera oficial con los trabajos del proceso de entrega recepci\u00f3n del Poder Legislativo Estatal.<\/p>\n<p style=\"text-align: justify;\">Explic\u00f3 que fue el pasado 16 de julio cuando se instal\u00f3 la Comisi\u00f3n Instaladora de los diputados que integrar\u00e1n la pr\u00f3xima legislatura, asimismo detall\u00f3 que se emiti\u00f3 una solicitud mediante un oficio dirigido a los \u00f3rganos t\u00e9cnicos del Congreso del Estado para que preparen el acta de entrega recepci\u00f3n.<\/p>\n<p style=\"text-align: justify;\">La reuni\u00f3n previa con los diputados electos ser\u00e1 el 22 de agosto, en donde se realiza la presentaci\u00f3n formal de los pr\u00f3ximos legisladores y se inicia con los acuerdos para determinar qui\u00e9nes integrar\u00e1n y quien presidir\u00e1 la Mesa Directiva, as\u00ed como la Comisi\u00f3n de Entrega Recepci\u00f3n de la legislatura entrante.<\/p>\n<p style=\"text-align: justify;\">Cabe mencionar que la Comisi\u00f3n de Entrega Recepci\u00f3n de la legislatura saliente, est\u00e1 conformada por los diputados que integran la Diputaci\u00f3n Permanente, Blanca G\u00e1mez, Omar Baz\u00e1n, Roc\u00edo Sarmiento, Lourdes Beatriz Valle, Jes\u00fas Villarreal, Misael M\u00e1ynez, Deyanira Ozaeta, Anna Elizabeth Ch\u00e1vez y Luis Aguilar.<\/p>\n<p style=\"text-align: justify;\">En caso de que el d\u00eda 22 de agosto el Tribunal Electoral del Poder Judicial de la Federaci\u00f3n, no haya terminado de desahogar todas las impugnaciones de la elecci\u00f3n de los diputados, quienes a\u00fan est\u00e9n enfrentando alg\u00fan proceso de inconformidad, no podr\u00e1n participar en la reuni\u00f3n. (OEM)<\/p>\n","protected":false},"excerpt":{"rendered":"","protected":false},"author":6,"featured_media":27309,"comment_status":"open","ping_status":"open","sticky":false,"template":"","format":"standard","meta":{"_acf_changed":false,"_monsterinsights_skip_tracking":false,"slim_seo":{"title":"Hasta el 22 de agosto se reunir\u00e1n diputados salientes y entrantes - Opini\u00f3n P\u00fablica","description":"Chihuahua, Chih .- La diputada Blanca G\u00e1mez, presidente del Congreso del Estado, inform\u00f3 que ser\u00e1 hasta el 22 de agosto cuando se inicie de manera oficial con l"},"footnotes":""},"categories":[4],"tags":[],"class_list":["post-27310","post","type-post","status-publish","format-standard","has-post-thumbnail","hentry","category-pulsopolitico"],"acf":[],"_links":{"self":[{"href":"https:\/\/www.opinionpublica.tv\/portada\/wp-json\/wp\/v2\/posts\/27310","targetHints":{"allow":["GET"]}}],"collection":[{"href":"https:\/\/www.opinionpublica.tv\/portada\/wp-json\/wp\/v2\/posts"}],"about":[{"href":"https:\/\/www.opinionpublica.tv\/portada\/wp-json\/wp\/v2\/types\/post"}],"author":[{"embeddable":true,"href":"https:\/\/www.opinionpublica.tv\/portada\/wp-json\/wp\/v2\/users\/6"}],"replies":[{"embeddable":true,"href":"https:\/\/www.opinionpublica.tv\/portada\/wp-json\/wp\/v2\/comments?post=27310"}],"version-history":[{"count":0,"href":"https:\/\/www.opinionpublica.tv\/portada\/wp-json\/wp\/v2\/posts\/27310\/revisions"}],"wp:featuredmedia":[{"embeddable":true,"href":"https:\/\/www.opinionpublica.tv\/portada\/wp-json\/wp\/v2\/media\/27309"}],"wp:attachment":[{"href":"https:\/\/www.opinionpublica.tv\/portada\/wp-json\/wp\/v2\/media?parent=27310"}],"wp:term":[{"taxonomy":"category","embeddable":true,"href":"https:\/\/www.opinionpublica.tv\/portada\/wp-json\/wp\/v2\/categories?post=27310"},{"taxonomy":"post_tag","embeddable":true,"href":"https:\/\/www.opinionpublica.tv\/portada\/wp-json\/wp\/v2\/tags?post=27310"}],"curies":[{"name":"wp","href":"https:\/\/api.w.org\/{rel}","templated":true}]}}