{"id":27291,"date":"2021-08-10T06:00:00","date_gmt":"2021-08-10T04:00:00","guid":{"rendered":"https:\/\/www.opinionpublica.tv\/portada\/2021\/08\/10\/feria-de-salud-o-feria-covid\/"},"modified":"2021-08-10T06:00:00","modified_gmt":"2021-08-10T04:00:00","slug":"feria-de-salud-o-feria-covid","status":"publish","type":"post","link":"https:\/\/www.opinionpublica.tv\/portada\/feria-de-salud-o-feria-covid\/","title":{"rendered":"\u00bfFeria de Salud o Feria COVID?"},"content":{"rendered":"<img fetchpriority=\"high\" decoding=\"async\" class=\" size-full wp-image-27290\" src=\"https:\/\/www.opinionpublica.tv\/portada\/wp-content\/uploads\/2021\/08\/863a8f0d730178f8ecb1d9b3863f8425.jpg\" alt=\"\" class=\"caption\" title=\"Eduardo Borunda Escobedo.\" width=\"215\" height=\"241\" \/>\n<p style=\"text-align: justify;\">Para muchos de nosotros fue una sorpresa escuchar que este a\u00f1o se reanudar\u00eda la Feria Ju\u00e1rez, un elemento simb\u00f3lico de lo que es la frontera, sus costumbres y tradiciones. Claro que hay elementos para tener en cuenta que los ciudadanos as\u00ed como la comunidad requieren espacios de diversi\u00f3n y distracci\u00f3n. No todo es trabajo, me han dicho algunos jefes con quienes he tenido la oportunidad de colaborar y en la teor\u00eda de la administraci\u00f3n existen principios que lo describen.<\/p>\n<p><!--more--><\/p>\n<p style=\"text-align: justify;\">Una de dichas teor\u00edas es la elaborada por Maslow, quien estableci\u00f3 cinco escalones para satisfacer las necesidades humanas y las clasific\u00f3 de acuerdo a aspectos que identific\u00f3 como parte de la condici\u00f3n humana: Biol\u00f3gicos y\/o fisiol\u00f3gicos, seguridad, afiliaci\u00f3n, reconocimiento y de autorrealizaci\u00f3n. Estas necesidades, en especial las del primer escal\u00f3n de la pir\u00e1mide, son las esenciales: respiraci\u00f3n, alimentaci\u00f3n, descanso \u2013 recreaci\u00f3n, sed, e incluso sexo y la homeostasis.<\/p>\n<p style=\"text-align: justify;\">Ese descanso y recreaci\u00f3n si deben estar presentes en las funciones del ser humano, no es que haya sido mala o buena idea la instalaci\u00f3n de la Feria, lo malo era y fue en su momento que la actual crisis de salud causada por la pandemia se contrastaba con la de otra necesidad: la de seguridad y uno de sus elementos como el de salud. No hay vuelta de hoja, la naturaleza humana entiende estos principios y debe tomar decisiones que pueden afectar su desarrollo personal.<\/p>\n<p style=\"text-align: justify;\">La pregunta central entonces fue la siguiente: \u00bfFeria de salud o feria de COVID? En familia hemos estado acostumbrados a ir a cada una de las ferias, incluso s\u00e9 que hay familias que van por lo menos una vez a la semana o m\u00e1s durante la duraci\u00f3n de la misma. Sin embargo, hoy s\u00ed hab\u00eda resistencias y dec\u00edan, \u00abno vamos a ir en esta ocasi\u00f3n\u00bb. As\u00ed, la Feria Ju\u00e1rez ten\u00eda en la actual pandemia una disyuntiva, ser un espacio de recreaci\u00f3n y descanso o bien ser una \u201cFeria COVID\u201d que pondr\u00eda en estado de alerta m\u00e1xima de nuevo a la frontera.<\/p>\n<p style=\"text-align: justify;\">Cambiar de opini\u00f3n es de sabios. Con esta frase, el alcalde Armando Cabada Alv\u00eddrez, debi\u00f3 entender desde un principio a quienes son sus asesores que habr\u00eda un costo pol\u00edtico contra la decisi\u00f3n de realizar este evento, hubo otros que no dijeron ni p\u00edo, sin embargo, lo atinado de la decisi\u00f3n debe ser reconocido, no todo es en blanco y negro, pues hubiera cargado con la muerte y hospitalizaci\u00f3n no de una persona, sino de quiz\u00e1 cientos de personas que hubiesen sido contagiadas de manera directa e indirecta.<\/p>\n<p style=\"text-align: justify;\">COPARMEX tambi\u00e9n dio un empujoncito, ya que originalmente se opusieron a la realizaci\u00f3n de la misma y despu\u00e9s dieron un s\u00ed condicionado. Se exig\u00edan medidas de salud extremas, sin \u201cbajar la guardia\u201d que garantizar\u00e1n en todo momento precisamente la seguridad y salud de las personas.<\/p>\n<p style=\"text-align: justify;\">Como elemento adicional, el Departamento de Gobernaci\u00f3n, hab\u00eda mencionado que no dar\u00eda los permisos para vender alcohol y el pronunciamiento de los comerciantes que dec\u00edan hab\u00eda espacios reducidos para instalar sus \u201cchangarros de comida\u201d. Es decir, un tema de una feria se vio envuelto en una serie de pronunciamientos en el que hasta la Iglesia Cat\u00f3lica intervino por la suspensi\u00f3n de los festejos del patrono de la Ciudad en la iglesia de San Lorenzo.<\/p>\n<p style=\"text-align: justify;\">La decisi\u00f3n, como lo hemos expuesto, es salom\u00f3nica, se pospone hasta nuevo aviso. Bien dice el dicho \u201cm\u00e1s sabe el diablo por viejo, que por diablo\u201d y los consejeros y personas que le hablan al o\u00eddo deben prestar precisamente como Maquiavelo atenci\u00f3n a la \u201cVox P\u00f3puli\u201d, que rara vez se equivoca. Con estas \u00faltimas acciones, el actual cabildo se estar\u00e1 despidiendo del poder que ostent\u00f3 durante 5 a\u00f1os como gobierno independiente.<\/p>\n<p style=\"text-align: justify;\">En conclusi\u00f3n, el nuevo gobierno que entra, deber\u00e1 sopesar si realiza o no una feria y si esta es de Salud o bien una de COVID. Esperamos los fronterizos que no sea la segunda opci\u00f3n, al menos hasta que se declare la terminaci\u00f3n de la pandemia, no me imagino estar en la mira de la atenci\u00f3n p\u00fablica y en medios de comunicaci\u00f3n de M\u00e9xico y del mundo donde se d\u00e9 a conocer que los juarenses acudieron en plena pandemia a una feria a contagiarse. Por lo pronto, no bajemos la guardia y seamos prudentes con las circunstancias que tenemos en la mejor frontera de M\u00e9xico.<\/p>\n<p style=\"text-align: justify;\">\u00a0<\/p>\n","protected":false},"excerpt":{"rendered":"<p>Para muchos de nosotros fue una sorpresa escuchar que este a\u00f1o se reanudar\u00eda la Feria Ju\u00e1rez, un elemento simb\u00f3lico de lo que es la frontera, sus costumbres y tradiciones. Claro que hay elementos para tener en cuenta que los ciudadanos as\u00ed como la comunidad requieren espacios de diversi\u00f3n y distracci\u00f3n. No todo es trabajo, me [&hellip;]<\/p>\n","protected":false},"author":6,"featured_media":27290,"comment_status":"open","ping_status":"open","sticky":false,"template":"","format":"standard","meta":{"_acf_changed":false,"_monsterinsights_skip_tracking":false,"slim_seo":{"title":"\u00bfFeria de Salud o Feria COVID? - Opini\u00f3n P\u00fablica","description":"Para muchos de nosotros fue una sorpresa escuchar que este a\u00f1o se reanudar\u00eda la Feria Ju\u00e1rez, un elemento simb\u00f3lico de lo que es la frontera, sus costumbres y t"},"footnotes":""},"categories":[31],"tags":[],"class_list":["post-27291","post","type-post","status-publish","format-standard","has-post-thumbnail","hentry","category-galimatias"],"acf":[],"_links":{"self":[{"href":"https:\/\/www.opinionpublica.tv\/portada\/wp-json\/wp\/v2\/posts\/27291","targetHints":{"allow":["GET"]}}],"collection":[{"href":"https:\/\/www.opinionpublica.tv\/portada\/wp-json\/wp\/v2\/posts"}],"about":[{"href":"https:\/\/www.opinionpublica.tv\/portada\/wp-json\/wp\/v2\/types\/post"}],"author":[{"embeddable":true,"href":"https:\/\/www.opinionpublica.tv\/portada\/wp-json\/wp\/v2\/users\/6"}],"replies":[{"embeddable":true,"href":"https:\/\/www.opinionpublica.tv\/portada\/wp-json\/wp\/v2\/comments?post=27291"}],"version-history":[{"count":0,"href":"https:\/\/www.opinionpublica.tv\/portada\/wp-json\/wp\/v2\/posts\/27291\/revisions"}],"wp:featuredmedia":[{"embeddable":true,"href":"https:\/\/www.opinionpublica.tv\/portada\/wp-json\/wp\/v2\/media\/27290"}],"wp:attachment":[{"href":"https:\/\/www.opinionpublica.tv\/portada\/wp-json\/wp\/v2\/media?parent=27291"}],"wp:term":[{"taxonomy":"category","embeddable":true,"href":"https:\/\/www.opinionpublica.tv\/portada\/wp-json\/wp\/v2\/categories?post=27291"},{"taxonomy":"post_tag","embeddable":true,"href":"https:\/\/www.opinionpublica.tv\/portada\/wp-json\/wp\/v2\/tags?post=27291"}],"curies":[{"name":"wp","href":"https:\/\/api.w.org\/{rel}","templated":true}]}}