{"id":27132,"date":"2021-07-26T06:00:00","date_gmt":"2021-07-26T04:00:00","guid":{"rendered":"https:\/\/www.opinionpublica.tv\/portada\/2021\/07\/26\/vejez\/"},"modified":"2021-07-26T06:00:00","modified_gmt":"2021-07-26T04:00:00","slug":"vejez","status":"publish","type":"post","link":"https:\/\/www.opinionpublica.tv\/portada\/vejez\/","title":{"rendered":"Vejez"},"content":{"rendered":"<img fetchpriority=\"high\" decoding=\"async\" class=\" size-full wp-image-27130\" src=\"https:\/\/www.opinionpublica.tv\/portada\/wp-content\/uploads\/2021\/07\/9e94e662f8a30ee4a8587dc735feaa87.jpg\" alt=\"\" class=\"caption\" title=\"Myrna Alicia Pastrana Sol\u00eds.\" width=\"277\" height=\"270\" \/>\n<p style=\"text-align: justify;\">En el \u00faltimo a\u00f1o y medio hemos visto morir a miles de viejos que tal vez habr\u00edan de estar en el mundo de los presentes de no ser por la pandemia global provocada por el Covid 19, el virus que en principio ha atacado a los m\u00e1s vulnerables.<\/p>\n<p><!--more--><\/p>\n<p style=\"text-align: justify;\">En diciembre del 2020 se empez\u00f3 a aplicar la vacuna y las penas se trasladaron a grupos humanos de otras edades y as\u00ed pian pianito se espera que el azote se vaya frenando aun y con las cepas m\u00e1s resistentes al acecho.<\/p>\n<p style=\"text-align: justify;\"><img decoding=\"async\" class=\" size-full wp-image-27131\" src=\"https:\/\/www.opinionpublica.tv\/portada\/wp-content\/uploads\/2021\/07\/vejez.png\" width=\"740\" height=\"501\" srcset=\"https:\/\/www.opinionpublica.tv\/portada\/wp-content\/uploads\/2021\/07\/vejez.png 740w, https:\/\/www.opinionpublica.tv\/portada\/wp-content\/uploads\/2021\/07\/vejez-300x203.png 300w\" sizes=\"(max-width: 740px) 100vw, 740px\" \/><\/p>\n<p style=\"text-align: justify;\">Pero los viejos m\u00e1s afortunados suelen morir de eso, de viejos y no lo hacen en soledad aunque la muerte como el bien nacer sea uno de los actos personal\u00edsimos por excelencia.<\/p>\n<p style=\"text-align: justify;\">Los viejos apreciados y cuidados suelen tener testigos de su paso y se les ve acompa\u00f1ados de sus seres queridos hasta el \u00faltimo momento. Preocupados y dolidos, hijos y nietos o sobrinos, le acercan al mejor m\u00e9dico y no escatiman gastos en medicamentos y no se diga del costo de las exequias en el \u00faltimo tramo.<\/p>\n<p style=\"text-align: justify;\">En cambio, hay otros como el de la foto, que mueren en el abandono, para \u00e9l no hubo columna de hormig\u00f3n, trabe, resane que evitara que un d\u00eda como cualquier otro sus \u201cpiernas\u201d por llamarlas de alg\u00fan modo, se doblegaran con el peso de los a\u00f1os en una tarde de lluvia.<\/p>\n<p style=\"text-align: justify;\">La falta de auxilio arquitect\u00f3nico y el cansancio centenario lograron que cayera una buena parte de su masa terrenal hecha a base de adobe. Se preguntar\u00eda uno por los deudos.<\/p>\n<p style=\"text-align: justify;\">\u00a0<\/p>\n","protected":false},"excerpt":{"rendered":"<p>En el \u00faltimo a\u00f1o y medio hemos visto morir a miles de viejos que tal vez habr\u00edan de estar en el mundo de los presentes de no ser por la pandemia global provocada por el Covid 19, el virus que en principio ha atacado a los m\u00e1s vulnerables.<\/p>\n","protected":false},"author":6,"featured_media":27130,"comment_status":"open","ping_status":"open","sticky":false,"template":"","format":"standard","meta":{"_acf_changed":false,"_monsterinsights_skip_tracking":false,"slim_seo":{"title":"Vejez - Opini\u00f3n P\u00fablica","description":"En el \u00faltimo a\u00f1o y medio hemos visto morir a miles de viejos que tal vez habr\u00edan de estar en el mundo de los presentes de no ser por la pandemia global provocad"},"footnotes":""},"categories":[36],"tags":[],"class_list":["post-27132","post","type-post","status-publish","format-standard","has-post-thumbnail","hentry","category-pensandola-bien"],"acf":[],"_links":{"self":[{"href":"https:\/\/www.opinionpublica.tv\/portada\/wp-json\/wp\/v2\/posts\/27132","targetHints":{"allow":["GET"]}}],"collection":[{"href":"https:\/\/www.opinionpublica.tv\/portada\/wp-json\/wp\/v2\/posts"}],"about":[{"href":"https:\/\/www.opinionpublica.tv\/portada\/wp-json\/wp\/v2\/types\/post"}],"author":[{"embeddable":true,"href":"https:\/\/www.opinionpublica.tv\/portada\/wp-json\/wp\/v2\/users\/6"}],"replies":[{"embeddable":true,"href":"https:\/\/www.opinionpublica.tv\/portada\/wp-json\/wp\/v2\/comments?post=27132"}],"version-history":[{"count":0,"href":"https:\/\/www.opinionpublica.tv\/portada\/wp-json\/wp\/v2\/posts\/27132\/revisions"}],"wp:featuredmedia":[{"embeddable":true,"href":"https:\/\/www.opinionpublica.tv\/portada\/wp-json\/wp\/v2\/media\/27130"}],"wp:attachment":[{"href":"https:\/\/www.opinionpublica.tv\/portada\/wp-json\/wp\/v2\/media?parent=27132"}],"wp:term":[{"taxonomy":"category","embeddable":true,"href":"https:\/\/www.opinionpublica.tv\/portada\/wp-json\/wp\/v2\/categories?post=27132"},{"taxonomy":"post_tag","embeddable":true,"href":"https:\/\/www.opinionpublica.tv\/portada\/wp-json\/wp\/v2\/tags?post=27132"}],"curies":[{"name":"wp","href":"https:\/\/api.w.org\/{rel}","templated":true}]}}