{"id":27107,"date":"2021-07-23T06:00:00","date_gmt":"2021-07-23T04:00:00","guid":{"rendered":"https:\/\/www.opinionpublica.tv\/portada\/2021\/07\/23\/el-regreso-a-clases-podria-costar-en-promedio-5-mil-375-pesos-por-hijo\/"},"modified":"2021-07-23T06:00:00","modified_gmt":"2021-07-23T04:00:00","slug":"el-regreso-a-clases-podria-costar-en-promedio-5-mil-375-pesos-por-hijo","status":"publish","type":"post","link":"https:\/\/www.opinionpublica.tv\/portada\/el-regreso-a-clases-podria-costar-en-promedio-5-mil-375-pesos-por-hijo\/","title":{"rendered":"Costar\u00eda regreso a clases 5 mil 375 pesos por hijo"},"content":{"rendered":"<p><img fetchpriority=\"high\" decoding=\"async\" class=\" size-full wp-image-27106\" src=\"https:\/\/www.opinionpublica.tv\/portada\/wp-content\/uploads\/2021\/07\/2ec7d0c6aa8f91e4074086b3e20534a7.jpg\" alt=\"\" class=\"caption\" title=\"Es bueno unir esfuerzos con otros padres que tambi\u00e9n necesitan comprar art\u00edculos escolares.\" width=\"720\" height=\"540\" srcset=\"https:\/\/www.opinionpublica.tv\/portada\/wp-content\/uploads\/2021\/07\/2ec7d0c6aa8f91e4074086b3e20534a7.jpg 720w, https:\/\/www.opinionpublica.tv\/portada\/wp-content\/uploads\/2021\/07\/2ec7d0c6aa8f91e4074086b3e20534a7-300x225.jpg 300w\" sizes=\"(max-width: 720px) 100vw, 720px\" \/><br \/>\n<!--more--><\/p>\n<p style=\"text-align: justify;\"><em>Ciudad de M\u00e9xico<\/em>.- El regreso a clases semipresencial parece inminente y con ello los gastos en la materia ser\u00e1n inevitables. La Alianza Nacional de Peque\u00f1os Comerciantes (Anpec) considera que la inversi\u00f3n por cada ni\u00f1o en educaci\u00f3n b\u00e1sica asciende a cinco mil 375 pesos en promedio.<\/p>\n<p style=\"text-align: justify;\">\u00bfEs buena idea solicitar un cr\u00e9dito para enfrentar este gasto?<\/p>\n<p style=\"text-align: justify;\">Si no cuentas con suficiente capital para ello, la respuesta es s\u00ed, porque adem\u00e1s de pagar lo tradicional tambi\u00e9n puedes adquirir dispositivos electr\u00f3nicos o crear un espacio ideal de estudio.<\/p>\n<p style=\"text-align: justify;\">\u00abSolicitar un cr\u00e9dito para estas fechas pudiera darnos un gran aliviane, ya que en lugar de desembolsar todo ese dinero en una sola exhibici\u00f3n, con un cr\u00e9dito podemos irlo pagando poco a poco y evitar ahorcarnos demasiado\u00bb, consider\u00f3 Gerardo Obreg\u00f3n, director general de Prestadero.com, una plataforma de cr\u00e9ditos entre personas.<\/p>\n<p style=\"text-align: justify;\">Para que tu cr\u00e9dito se convierta en un aliado debes solicitarlo en una instituci\u00f3n formal, pues esto te dar\u00e1 certidumbre en cuanto a las condiciones.<\/p>\n<p style=\"text-align: justify;\">Lo mejor ser\u00e1 que antes de firmar un contrato compares varios productos a fin de identificar el que te ofrece la mejor tasa de inter\u00e9s, con el objetivo de que el cos to de tu financiamiento sea competitivo.<\/p>\n<p style=\"text-align: justify;\">Tambi\u00e9n verifica si podr\u00e1s cumplir con los pagos mensuales para evitar intereses adicionales.<\/p>\n<p style=\"text-align: justify;\">Eso s\u00ed, no gastes de m\u00e1s. Juan Carlos Flores, fundador de la plataforma de financiamiento colectivo Doopla.mx, sugiere que, antes de comprar cualquier articulo escolar, visualices que puedes reutilizar.<\/p>\n<p style=\"text-align: justify;\">\u201cSi revisas, seguramente tendr\u00e1s cuadernos, l\u00e1pices, plumas, colores y dem\u00e1s material que tus hijos a\u00fan pueden utilizar, no siempre es necesario comprar\u00bb.<\/p>\n<p style=\"text-align: justify;\">Asimismo recomienda enlistar lo que vas a comprar para optimizar tus recursos y comprar s\u00f3lo lo necesario. No compres por comprar.<\/p>\n<p style=\"text-align: justify;\">\u201cAntes de comprar hay que pensar si ese articulo se podr\u00e1 reutilizar y, me jor a\u00fan, si realmente durar\u00e1 el periodo escolar. Ahorrar no significa perder calidad, si el producto original tiene un costo alto, opta por usar bienes sustitutos, quiz\u00e1 un producto de marca libre o de segundo uso podr\u00e1 ayudar\u00bb.<\/p>\n<p style=\"text-align: justify;\">Flores adem\u00e1s propone unir esfuerzos con otros padres que tambi\u00e9n necesitan comprar art\u00edculos escolares. \u00abHaz un peque\u00f1o grupo, realiza compras por mayoreo y al final, divide el costo entre los dem\u00e1s, de esta manera tambi\u00e9n lograr\u00e1s ahorrar\u00bb.<\/p>\n<p style=\"text-align: justify;\">No olvides comparar y comprar las mejores opciones en t\u00e9rminos de precio, funcionalidad y calidad.<\/p>\n","protected":false},"excerpt":{"rendered":"","protected":false},"author":6,"featured_media":27106,"comment_status":"open","ping_status":"open","sticky":false,"template":"","format":"standard","meta":{"_acf_changed":false,"_monsterinsights_skip_tracking":false,"slim_seo":{"title":"Costar\u00eda regreso a clases 5 mil 375 pesos por hijo - Opini\u00f3n P\u00fablica","description":"Ciudad de M\u00e9xico .- El regreso a clases semipresencial parece inminente y con ello los gastos en la materia ser\u00e1n inevitables. La Alianza Nacional de Peque\u00f1os C"},"footnotes":""},"categories":[11],"tags":[],"class_list":["post-27107","post","type-post","status-publish","format-standard","has-post-thumbnail","hentry","category-tendencias"],"acf":[],"_links":{"self":[{"href":"https:\/\/www.opinionpublica.tv\/portada\/wp-json\/wp\/v2\/posts\/27107","targetHints":{"allow":["GET"]}}],"collection":[{"href":"https:\/\/www.opinionpublica.tv\/portada\/wp-json\/wp\/v2\/posts"}],"about":[{"href":"https:\/\/www.opinionpublica.tv\/portada\/wp-json\/wp\/v2\/types\/post"}],"author":[{"embeddable":true,"href":"https:\/\/www.opinionpublica.tv\/portada\/wp-json\/wp\/v2\/users\/6"}],"replies":[{"embeddable":true,"href":"https:\/\/www.opinionpublica.tv\/portada\/wp-json\/wp\/v2\/comments?post=27107"}],"version-history":[{"count":0,"href":"https:\/\/www.opinionpublica.tv\/portada\/wp-json\/wp\/v2\/posts\/27107\/revisions"}],"wp:featuredmedia":[{"embeddable":true,"href":"https:\/\/www.opinionpublica.tv\/portada\/wp-json\/wp\/v2\/media\/27106"}],"wp:attachment":[{"href":"https:\/\/www.opinionpublica.tv\/portada\/wp-json\/wp\/v2\/media?parent=27107"}],"wp:term":[{"taxonomy":"category","embeddable":true,"href":"https:\/\/www.opinionpublica.tv\/portada\/wp-json\/wp\/v2\/categories?post=27107"},{"taxonomy":"post_tag","embeddable":true,"href":"https:\/\/www.opinionpublica.tv\/portada\/wp-json\/wp\/v2\/tags?post=27107"}],"curies":[{"name":"wp","href":"https:\/\/api.w.org\/{rel}","templated":true}]}}