{"id":27026,"date":"2021-07-15T06:00:00","date_gmt":"2021-07-15T04:00:00","guid":{"rendered":"https:\/\/www.opinionpublica.tv\/portada\/2021\/07\/15\/enfocaran-acciones-en-50-municipios-violentos-federacion-y-gobernadores-de-morena\/"},"modified":"2021-07-15T06:00:00","modified_gmt":"2021-07-15T04:00:00","slug":"enfocaran-acciones-en-50-municipios-violentos-federacion-y-gobernadores-de-morena","status":"publish","type":"post","link":"https:\/\/www.opinionpublica.tv\/portada\/enfocaran-acciones-en-50-municipios-violentos-federacion-y-gobernadores-de-morena\/","title":{"rendered":"AMLO y gobernadores de Morena enfocar\u00e1n acciones en los 50 municipios m\u00e1s violentos"},"content":{"rendered":"<p><img fetchpriority=\"high\" decoding=\"async\" class=\" size-full wp-image-27024\" src=\"https:\/\/www.opinionpublica.tv\/portada\/wp-content\/uploads\/2021\/07\/1428d8aa53b14fc193901b715ca2418d.jpg\" alt=\"\" class=\"caption\" title=\"La violencia en M\u00e9xico se increment\u00f3 a\u00fan m\u00e1s en el gobierno de L\u00f3pez Obrador.\" width=\"1000\" height=\"560\" srcset=\"https:\/\/www.opinionpublica.tv\/portada\/wp-content\/uploads\/2021\/07\/1428d8aa53b14fc193901b715ca2418d.jpg 1000w, https:\/\/www.opinionpublica.tv\/portada\/wp-content\/uploads\/2021\/07\/1428d8aa53b14fc193901b715ca2418d-300x168.jpg 300w, https:\/\/www.opinionpublica.tv\/portada\/wp-content\/uploads\/2021\/07\/1428d8aa53b14fc193901b715ca2418d-768x430.jpg 768w\" sizes=\"(max-width: 1000px) 100vw, 1000px\" \/><br \/>\n<!--more--><\/p>\n<p style=\"text-align: justify;\"><em>Ciudad de M\u00e9xico<\/em>.- El gobierno federal y los mandatarios de Morena acordaron trabajar juntos para disminuir los homicidios dolosos en el pa\u00eds.<\/p>\n<p style=\"text-align: justify;\">El presidente Andr\u00e9s Manuel L\u00f3pez Obrador se reuni\u00f3 en Palacio Nacional con gobernadores electos y en funciones emanados de su partido. Tras el encuentro, Alfonso Durazo, pr\u00f3ximo gobernador de Sonora, detall\u00f3 que las acciones se enfocar\u00e1n en los 50 municipios que concentran la incidencia en asesinatos.<\/p>\n<p style=\"text-align: justify;\">Aclar\u00f3 que no habr\u00e1 cambios en la estrategia contra la delincuencia, es decir, mitigar las desigualdades sociales que derivan en inseguridad, aunque no se descarta incrementar la presencia de la Guardia Nacional en lugares identificados como focos rojos, por la operaci\u00f3n de grupos criminales.<\/p>\n<p style=\"text-align: justify;\">Layda Sansores, gobernadora electa de Campeche, se\u00f1al\u00f3 que el Presidente les pidi\u00f3 estar presentes en las reuniones del gabinete de seguridad en sus respectivos estados, para dar seguimiento a las acciones anticrimen.<\/p>\n<p style=\"text-align: justify;\"><img decoding=\"async\" class=\" size-full wp-image-27025\" src=\"https:\/\/www.opinionpublica.tv\/portada\/wp-content\/uploads\/2021\/07\/gobers.jpeg\" width=\"800\" height=\"600\" srcset=\"https:\/\/www.opinionpublica.tv\/portada\/wp-content\/uploads\/2021\/07\/gobers.jpeg 800w, https:\/\/www.opinionpublica.tv\/portada\/wp-content\/uploads\/2021\/07\/gobers-300x225.jpeg 300w, https:\/\/www.opinionpublica.tv\/portada\/wp-content\/uploads\/2021\/07\/gobers-768x576.jpeg 768w\" sizes=\"(max-width: 800px) 100vw, 800px\" \/><\/p>\n<p style=\"text-align: justify;\">\u201cNos presentaron un esquema nacional de seguridad para abatir el delito del homicidio doloso y todos los procedimientos de articulaci\u00f3n y estados para el combate a la delincuencia. No hay ning\u00fan plan de trabajo espec\u00edfico m\u00e1s que el de la seguridad p\u00fablica\u201d, dijo por su parte Miguel Barbosa, gobernador de Puebla.<\/p>\n<p style=\"text-align: justify;\"><strong>Pondr\u00e1n lupa en 50 municipios violentos<\/strong><\/p>\n<p style=\"text-align: justify;\">El presidente L\u00f3pez Obrador demanda a 16 gobernadores electos y en funciones trabajo conjunto para bajar el \u00edndice de homicidios.<\/p>\n<p style=\"text-align: justify;\">En una reuni\u00f3n de m\u00e1s de dos horas en Palacio Nacional, el presidente Andr\u00e9s Manuel L\u00f3pez Obrador solicit\u00f3 a los gobernadores emanados de Morena, electos y en funciones, trabajar coordinadamente con la Federaci\u00f3n para disminuir el \u00edndice de homicidios dolosos en el pa\u00eds.<\/p>\n<p style=\"text-align: justify;\">De acuerdo con el gobernador electo de Sonora, Alfonso Durazo Monta\u00f1o, los esfuerzos de sus colegas se enfocar\u00e1n principalmente en 50 municipios que hoy concentran el m\u00e1s elevado \u00edndice de inseguridad por ese delito.<\/p>\n<p style=\"text-align: justify;\">\u201cSe abordaron diversos temas, particularmente la necesidad de fortalecer algunas acciones para mejorar el combate a la inseguridad. Se habl\u00f3 de concentrar esfuerzos en 50 municipios que hoy representan la estad\u00edstica m\u00e1s grave, particularmente en el \u00e1mbito del homicidio doloso, y acordamos todos sumar esfuerzos, entre otras acciones que debemos trabajar de manera coordinada para dar los mejores resultados posibles\u201d, se\u00f1al\u00f3.<\/p>\n<p style=\"text-align: justify;\">El futuro gobernador de Sonora aclar\u00f3 que no habr\u00e1 cambios en la manera de atacar la criminalidad, s\u00f3lo que no descartan incrementar la presencia de elementos de la Guardia Nacional en los lugares identificados como focos rojos por la operaci\u00f3n de las bandas delictivas.<\/p>\n<p style=\"text-align: justify;\">\u201cLa pol\u00edtica es la misma en el sentido que se da prioridad a combatir las causas que generan la inseguridad, pero mientras ese proceso da sus frutos, tiene que actuarse en otros \u00e1mbitos que es el estado de fuerza, el de la Guardia Nacional, el combate a la corrupci\u00f3n, el de capacitaci\u00f3n. No se lleg\u00f3 a ese nivel de detalle, pero obviamente el refuerzo de todas las acciones podr\u00eda implicar un mayor estado de fuerza, depender\u00e1 del proceso de reclutamiento en el que est\u00e1 conduciendo la Guardia Nacional\u201d. puntualiz\u00f3 Durazo.<\/p>\n<p style=\"text-align: justify;\">Por su parte, la gobernadora electa de Campeche, Layda Sansores, reconoci\u00f3 que el Presidente los convoc\u00f3 a que est\u00e9n presentes en las reuniones del gabinete de seguridad en sus estados para que haya mejores resultados en el ejercicio de gobierno.<\/p>\n<p style=\"text-align: justify;\">\u201cS\u00ed, nos alent\u00f3 a que asistamos personalmente porque no es lo mismo cuando va un representante del gobernador; acudir a las reuniones nos permite dar seguimiento a los casos\u201d, expuso Layda Sansores antes de abandonar Palacio Nacional.<\/p>\n<p style=\"text-align: justify;\">En tanto, Miguel Barbosa, gobernador de Puebla, proporcion\u00f3 m\u00e1s detalles del encuentro relativos a optimizar la estrategia anticrimen.<\/p>\n<p style=\"text-align: justify;\">\u201cNos presentaron un esquema nacional de seguridad para poder abatir el delito del homicidio doloso y todos los procedimientos de articulaci\u00f3n y estados para el combate a la delincuencia. No hay ning\u00fan plan de trabajo espec\u00edfico m\u00e1s que el de la seguridad p\u00fablica\u201d, indic\u00f3.<\/p>\n<p style=\"text-align: justify;\">En el caso de Rub\u00e9n Rocha Moya, gobernador electo de Sinaloa, dijo que la inseguridad es un tema que a todos mortifica, pero asegur\u00f3 que no hay ingobernabilidad.<\/p>\n<p style=\"text-align: justify;\">\u201cSe habla de municipios en general, en cada uno de los estados tenemos alg\u00fan foco rojo\u201d.<\/p>\n<p style=\"text-align: justify;\">&#8211; \u00bfPonen en riesgo la gobernabilidad?, se le pregunt\u00f3 al futuro gobernador.<\/p>\n<p style=\"text-align: justify;\">&#8211; No, porque en realidad la tendencia se ha revertido con este gobierno, en el tema fundamental que es el tema de homicidios, ya no digamos en otros delitos, y en delitos federales en realidad se ha reducido un 30%.<\/p>\n<p style=\"text-align: justify;\">En la reuni\u00f3n tambi\u00e9n estuvieron las secretarias de Gobernaci\u00f3n, Olga S\u00e1nchez, y de Seguridad, Rosa Icela Rodr\u00edguez Vel\u00e1zquez, as\u00ed como el consejero jur\u00eddico de la Presidencia, Julio Scherer Ibarra.<\/p>\n<p style=\"text-align: justify;\">Tambi\u00e9n acudieron el gobernador de Veracruz, Cuitl\u00e1huac Garc\u00eda; la gobernadora electa de Colima, Indira Vizca\u00edno Silva; la jefa de Gobierno de la Ciudad de M\u00e9xico, Claudia Sheinbaum, as\u00ed como la gobernadora electa de Tlaxcala, Lorena Cu\u00e9llar.<\/p>\n<p style=\"text-align: justify;\">Seg\u00fan la organizaci\u00f3n Sem\u00e1foro Delictivo, que dirige Santiago Roel, Tecate (Baja California), Xochiltepec (Morelos) y Tulum (Quintana Roo), encabezan la lista de los municipios m\u00e1s violentos del pa\u00eds.<\/p>\n","protected":false},"excerpt":{"rendered":"","protected":false},"author":6,"featured_media":27024,"comment_status":"open","ping_status":"open","sticky":false,"template":"","format":"standard","meta":{"_acf_changed":false,"_monsterinsights_skip_tracking":false,"slim_seo":{"title":"AMLO y gobernadores de Morena enfocar\u00e1n acciones en los 50 municipios m\u00e1s violentos - Opini\u00f3n P\u00fablica","description":"Ciudad de M\u00e9xico .- El gobierno federal y los mandatarios de Morena acordaron trabajar juntos para disminuir los homicidios dolosos en el pa\u00eds. El presidente An"},"footnotes":""},"categories":[3],"tags":[],"class_list":["post-27026","post","type-post","status-publish","format-standard","has-post-thumbnail","hentry","category-principal"],"acf":[],"_links":{"self":[{"href":"https:\/\/www.opinionpublica.tv\/portada\/wp-json\/wp\/v2\/posts\/27026","targetHints":{"allow":["GET"]}}],"collection":[{"href":"https:\/\/www.opinionpublica.tv\/portada\/wp-json\/wp\/v2\/posts"}],"about":[{"href":"https:\/\/www.opinionpublica.tv\/portada\/wp-json\/wp\/v2\/types\/post"}],"author":[{"embeddable":true,"href":"https:\/\/www.opinionpublica.tv\/portada\/wp-json\/wp\/v2\/users\/6"}],"replies":[{"embeddable":true,"href":"https:\/\/www.opinionpublica.tv\/portada\/wp-json\/wp\/v2\/comments?post=27026"}],"version-history":[{"count":0,"href":"https:\/\/www.opinionpublica.tv\/portada\/wp-json\/wp\/v2\/posts\/27026\/revisions"}],"wp:featuredmedia":[{"embeddable":true,"href":"https:\/\/www.opinionpublica.tv\/portada\/wp-json\/wp\/v2\/media\/27024"}],"wp:attachment":[{"href":"https:\/\/www.opinionpublica.tv\/portada\/wp-json\/wp\/v2\/media?parent=27026"}],"wp:term":[{"taxonomy":"category","embeddable":true,"href":"https:\/\/www.opinionpublica.tv\/portada\/wp-json\/wp\/v2\/categories?post=27026"},{"taxonomy":"post_tag","embeddable":true,"href":"https:\/\/www.opinionpublica.tv\/portada\/wp-json\/wp\/v2\/tags?post=27026"}],"curies":[{"name":"wp","href":"https:\/\/api.w.org\/{rel}","templated":true}]}}