{"id":27011,"date":"2021-07-15T06:00:00","date_gmt":"2021-07-15T04:00:00","guid":{"rendered":"https:\/\/www.opinionpublica.tv\/portada\/2021\/07\/15\/incurrio-amlo-en-promocion-personalizada-durante-las-pasadas-elecciones-tepjf\/"},"modified":"2021-07-15T06:00:00","modified_gmt":"2021-07-15T04:00:00","slug":"incurrio-amlo-en-promocion-personalizada-durante-las-pasadas-elecciones-tepjf","status":"publish","type":"post","link":"https:\/\/www.opinionpublica.tv\/portada\/incurrio-amlo-en-promocion-personalizada-durante-las-pasadas-elecciones-tepjf\/","title":{"rendered":"Incurri\u00f3 AMLO en promoci\u00f3n personalizada durante las pasadas elecciones: TEPJF"},"content":{"rendered":"<p><img fetchpriority=\"high\" decoding=\"async\" class=\" size-full wp-image-27010\" src=\"https:\/\/www.opinionpublica.tv\/portada\/wp-content\/uploads\/2021\/07\/ba464df163b871bb5ef08be3c3f6039f.jpg\" alt=\"\" class=\"caption\" title=\"Andr\u00e9s Manuel L\u00f3pez Obrador, presidente de M\u00e9xico.\" width=\"526\" height=\"319\" srcset=\"https:\/\/www.opinionpublica.tv\/portada\/wp-content\/uploads\/2021\/07\/ba464df163b871bb5ef08be3c3f6039f.jpg 526w, https:\/\/www.opinionpublica.tv\/portada\/wp-content\/uploads\/2021\/07\/ba464df163b871bb5ef08be3c3f6039f-300x182.jpg 300w\" sizes=\"(max-width: 526px) 100vw, 526px\" \/><br \/>\n<!--more--><\/p>\n<p style=\"text-align: justify;\"><em>Ciudad de M\u00e9xico<\/em>.- La Sala Superior del\u00a0Tribunal Electoral del Poder Judicial de la Federaci\u00f3n\u00a0(TEPJF) determin\u00f3 que el\u00a0presidente Andr\u00e9s Manuel L\u00f3pez Obrador\u00a0vulner\u00f3 el\u00a0principio de imparcialidad,\u00a0ello en el marco del\u00a0proceso electoral\u00a0pasado, durante la\u00a0conferencia\u00a0de prensa matutina del\u00a023 de diciembre de 2020.<\/p>\n<p style=\"text-align: justify;\">El PRD denunci\u00f3 al presidente de la Rep\u00fablica, por expresiones emitidas durante aquella conferencia de prensa, en la cual respondi\u00f3 una pregunta expresa sobre la coalici\u00f3n que conformaron PAN, PRI y PRD.<\/p>\n<p style=\"text-align: justify;\">La Sala Regional Especializada, en una primera sentencia, resolvi\u00f3 inexistencia de la infracci\u00f3n, ante lo cual el PRD se inconform\u00f3 y lleg\u00f3 hasta la Sala Superior del TEPJF, la cual revoc\u00f3 dicha resoluci\u00f3n\u00a0 y orden\u00f3 a la Regional Especializada volver a analizar el tema, de forma exhaustiva.<\/p>\n<p style=\"text-align: justify;\">Sin embargo, la Regional Especializada volvi\u00f3 a declarar inexistencia de las conductas denunciadas.<\/p>\n<p style=\"text-align: justify;\">El magistrado presidente de la Sala Superior, Jos\u00e9 Luis Vargas, present\u00f3 el proyecto en el sentido de declarar inexistencia de la infracci\u00f3n, sin embargo, el tema se rechaz\u00f3 por 4 votos, toda vez que la mayor\u00eda de las magistraturas consideraron que s\u00ed existi\u00f3 vulneraci\u00f3n.<\/p>\n<p style=\"text-align: justify;\">Se deber\u00e1, ahora, hacer un engrose del proyecto, para devolverlo a la Sala Regional Especializada, a fin de que emita una nueva resoluci\u00f3n. (El Universal)<\/p>\n","protected":false},"excerpt":{"rendered":"","protected":false},"author":6,"featured_media":27010,"comment_status":"open","ping_status":"open","sticky":false,"template":"","format":"standard","meta":{"_acf_changed":false,"_monsterinsights_skip_tracking":false,"slim_seo":{"title":"Incurri\u00f3 AMLO en promoci\u00f3n personalizada durante las pasadas elecciones: TEPJF - Opini\u00f3n P\u00fablica","description":"Ciudad de M\u00e9xico .- La Sala Superior del\u00a0Tribunal Electoral del Poder Judicial de la Federaci\u00f3n\u00a0(TEPJF) determin\u00f3 que el\u00a0presidente Andr\u00e9s Manuel L\u00f3pez Obrador\u00a0"},"footnotes":""},"categories":[11],"tags":[],"class_list":["post-27011","post","type-post","status-publish","format-standard","has-post-thumbnail","hentry","category-tendencias"],"acf":[],"_links":{"self":[{"href":"https:\/\/www.opinionpublica.tv\/portada\/wp-json\/wp\/v2\/posts\/27011","targetHints":{"allow":["GET"]}}],"collection":[{"href":"https:\/\/www.opinionpublica.tv\/portada\/wp-json\/wp\/v2\/posts"}],"about":[{"href":"https:\/\/www.opinionpublica.tv\/portada\/wp-json\/wp\/v2\/types\/post"}],"author":[{"embeddable":true,"href":"https:\/\/www.opinionpublica.tv\/portada\/wp-json\/wp\/v2\/users\/6"}],"replies":[{"embeddable":true,"href":"https:\/\/www.opinionpublica.tv\/portada\/wp-json\/wp\/v2\/comments?post=27011"}],"version-history":[{"count":0,"href":"https:\/\/www.opinionpublica.tv\/portada\/wp-json\/wp\/v2\/posts\/27011\/revisions"}],"wp:featuredmedia":[{"embeddable":true,"href":"https:\/\/www.opinionpublica.tv\/portada\/wp-json\/wp\/v2\/media\/27010"}],"wp:attachment":[{"href":"https:\/\/www.opinionpublica.tv\/portada\/wp-json\/wp\/v2\/media?parent=27011"}],"wp:term":[{"taxonomy":"category","embeddable":true,"href":"https:\/\/www.opinionpublica.tv\/portada\/wp-json\/wp\/v2\/categories?post=27011"},{"taxonomy":"post_tag","embeddable":true,"href":"https:\/\/www.opinionpublica.tv\/portada\/wp-json\/wp\/v2\/tags?post=27011"}],"curies":[{"name":"wp","href":"https:\/\/api.w.org\/{rel}","templated":true}]}}