{"id":27,"date":"2016-07-14T00:00:00","date_gmt":"2016-07-13T22:00:00","guid":{"rendered":"https:\/\/www.opinionpublica.tv\/portada\/2016\/07\/14\/mexico-sembara-arboles-vs-contaminacion\/"},"modified":"2016-07-14T00:00:00","modified_gmt":"2016-07-13T22:00:00","slug":"mexico-sembara-arboles-vs-contaminacion","status":"publish","type":"post","link":"https:\/\/www.opinionpublica.tv\/portada\/mexico-sembara-arboles-vs-contaminacion\/","title":{"rendered":"M\u00e9xico sembar\u00e1 \u00e1rboles vs contaminaci\u00f3n"},"content":{"rendered":"<p><img fetchpriority=\"high\" decoding=\"async\" class=\" size-full wp-image-26\" src=\"https:\/\/www.opinionpublica.tv\/portada\/wp-content\/uploads\/2016\/07\/500a44935c8320008f1c713a63e32b8e.jpg\" alt=\"\" width=\"837\" height=\"482\" srcset=\"https:\/\/www.opinionpublica.tv\/portada\/wp-content\/uploads\/2016\/07\/500a44935c8320008f1c713a63e32b8e.jpg 837w, https:\/\/www.opinionpublica.tv\/portada\/wp-content\/uploads\/2016\/07\/500a44935c8320008f1c713a63e32b8e-300x173.jpg 300w, https:\/\/www.opinionpublica.tv\/portada\/wp-content\/uploads\/2016\/07\/500a44935c8320008f1c713a63e32b8e-768x442.jpg 768w\" sizes=\"(max-width: 837px) 100vw, 837px\" \/><\/p>\n<p>M\u00e9xico.- Las autoridades mexicanas anunciaron nuevas medidas<\/p>\n<p>Como la siembra de millones de \u00e1rboles y la sustituci\u00f3n de taxis para combatir la contaminaci\u00f3n en la capital y su zona metropolitana.<\/p>\n<div class=\"k2_video\"><iframe title=\"M\u00e9xico sembar\u00e1 millones de \u00e1rboles para combatir contaminaci\u00f3n\" width=\"800\" height=\"450\" src=\"https:\/\/www.youtube.com\/embed\/I6m0RX7NloI?feature=oembed\" frameborder=\"0\" allow=\"accelerometer; autoplay; clipboard-write; encrypted-media; gyroscope; picture-in-picture; web-share\" referrerpolicy=\"strict-origin-when-cross-origin\" allowfullscreen><\/iframe>\n<\/div>\n","protected":false},"excerpt":{"rendered":"<p>M\u00e9xico.- Las autoridades mexicanas anunciaron nuevas medidas Como la siembra de millones de \u00e1rboles y la sustituci\u00f3n de taxis para combatir la contaminaci\u00f3n en la capital y su zona metropolitana.<\/p>\n","protected":false},"author":6,"featured_media":26,"comment_status":"open","ping_status":"open","sticky":false,"template":"","format":"standard","meta":{"_acf_changed":false,"_monsterinsights_skip_tracking":false,"slim_seo":{"title":"M\u00e9xico sembar\u00e1 \u00e1rboles vs contaminaci\u00f3n - Opini\u00f3n P\u00fablica","description":"M\u00e9xico.- Las autoridades mexicanas anunciaron nuevas medidas Como la siembra de millones de \u00e1rboles y la sustituci\u00f3n de taxis para combatir la contaminaci\u00f3n en"},"footnotes":""},"categories":[14],"tags":[],"class_list":["post-27","post","type-post","status-publish","format-standard","has-post-thumbnail","hentry","category-historias"],"acf":[],"_links":{"self":[{"href":"https:\/\/www.opinionpublica.tv\/portada\/wp-json\/wp\/v2\/posts\/27","targetHints":{"allow":["GET"]}}],"collection":[{"href":"https:\/\/www.opinionpublica.tv\/portada\/wp-json\/wp\/v2\/posts"}],"about":[{"href":"https:\/\/www.opinionpublica.tv\/portada\/wp-json\/wp\/v2\/types\/post"}],"author":[{"embeddable":true,"href":"https:\/\/www.opinionpublica.tv\/portada\/wp-json\/wp\/v2\/users\/6"}],"replies":[{"embeddable":true,"href":"https:\/\/www.opinionpublica.tv\/portada\/wp-json\/wp\/v2\/comments?post=27"}],"version-history":[{"count":0,"href":"https:\/\/www.opinionpublica.tv\/portada\/wp-json\/wp\/v2\/posts\/27\/revisions"}],"wp:featuredmedia":[{"embeddable":true,"href":"https:\/\/www.opinionpublica.tv\/portada\/wp-json\/wp\/v2\/media\/26"}],"wp:attachment":[{"href":"https:\/\/www.opinionpublica.tv\/portada\/wp-json\/wp\/v2\/media?parent=27"}],"wp:term":[{"taxonomy":"category","embeddable":true,"href":"https:\/\/www.opinionpublica.tv\/portada\/wp-json\/wp\/v2\/categories?post=27"},{"taxonomy":"post_tag","embeddable":true,"href":"https:\/\/www.opinionpublica.tv\/portada\/wp-json\/wp\/v2\/tags?post=27"}],"curies":[{"name":"wp","href":"https:\/\/api.w.org\/{rel}","templated":true}]}}