{"id":26992,"date":"2021-07-15T06:00:00","date_gmt":"2021-07-15T04:00:00","guid":{"rendered":"https:\/\/www.opinionpublica.tv\/portada\/2021\/07\/15\/efemerides-15-de-julio-5\/"},"modified":"2021-07-15T06:00:00","modified_gmt":"2021-07-15T04:00:00","slug":"efemerides-15-de-julio-5","status":"publish","type":"post","link":"https:\/\/www.opinionpublica.tv\/portada\/efemerides-15-de-julio-5\/","title":{"rendered":"Efem\u00e9rides 15 de julio"},"content":{"rendered":"<img fetchpriority=\"high\" decoding=\"async\" class=\" size-full wp-image-26991\" src=\"https:\/\/www.opinionpublica.tv\/portada\/wp-content\/uploads\/2021\/07\/8a80e20e1e41a36d18379379f2dfdcf0.jpg\" alt=\"\" class=\"caption\" title=\"El presidente Benito Ju\u00e1rez entra triunfal a la Ciudad de M\u00e9xico tras derrotar a Maximiliano.\" width=\"374\" height=\"281\" srcset=\"https:\/\/www.opinionpublica.tv\/portada\/wp-content\/uploads\/2021\/07\/8a80e20e1e41a36d18379379f2dfdcf0.jpg 374w, https:\/\/www.opinionpublica.tv\/portada\/wp-content\/uploads\/2021\/07\/8a80e20e1e41a36d18379379f2dfdcf0-300x225.jpg 300w\" sizes=\"(max-width: 374px) 100vw, 374px\" \/>\n<p style=\"text-align: justify;\">Un d\u00eda 15 de julio como hoy, pero de 1867, el presidente Benito Ju\u00e1rez entra en la ciudad de M\u00e9xico tras haber derrocado el imperio de Maximiliano I.<\/p>\n<p><!--more--><\/p>\n<p style=\"text-align: justify;\"><strong>M\u00e1s efem\u00e9rides<\/strong><\/p>\n<p style=\"text-align: justify;\">1606.- Nace Rembrandt Harmenszoon van Rijn, pintor holand\u00e9s.<\/p>\n<p style=\"text-align: justify;\">1834.- La reina Mar\u00eda Cristina suprime definitivamente por decreto el Tribunal de la Inquisici\u00f3n, abolido por orden de 9 de marzo de 1820.<\/p>\n<p style=\"text-align: justify;\">1840.- Tratado de Londres, que concede a Egipto una autonom\u00eda casi total de Turqu\u00eda.<\/p>\n<p style=\"text-align: justify;\">1864.- Alfred Nobel patenta la nitroglicerina como explosivo.<\/p>\n<p style=\"text-align: justify;\">1871.- Nace Jos\u00e9 Enrique Rod\u00f3, escritor uruguayo.<\/p>\n<p style=\"text-align: justify;\">1902.- Se inaugura en Par\u00eds la Conferencia Internacional para la represi\u00f3n de la trata de blancas.<\/p>\n<p style=\"text-align: justify;\">1904.- Muere Ant\u00f3n Chejov, escritor ruso.<\/p>\n<p style=\"text-align: justify;\">1914.- Revoluci\u00f3n en M\u00e9xico: Adolfo de la Huerta renuncia a la Presidencia de M\u00e9xico presionado por Estados Unidos.<\/p>\n<p style=\"text-align: justify;\">1916.- Tratado Mu\u00f1oz-Veracruz-Su\u00e1rez, que fija definitivamente los l\u00edmites entre Ecuador y Colombia.<\/p>\n<p style=\"text-align: justify;\">1922.- Nace Le\u00f3n M. Lederman, f\u00edsico estadounidense y Premio Nobel 1988.<\/p>\n<p style=\"text-align: justify;\">1927.- Graves enfrentamientos en Viena entre grupos de izquierda y fuerzas de ultraderecha, por la absoluci\u00f3n de tres miembros del \u00abMovimiento de antiguos combatientes\u00bb, que mataron a un trabajador y un ni\u00f1o. Hubo 89 muertos y m\u00e1s de 600 heridos.<\/p>\n<p style=\"text-align: justify;\">1939.- Nacen Anibal Cavaco Silva, presidente y ex primer ministro de Portugal y Sayed Ali Husseini Jamenei, l\u00edder espiritual de Ir\u00e1n y ex presidente de ese pa\u00eds.<\/p>\n<p style=\"text-align: justify;\">1940.- Triunfo de Fulgencio Batista en las elecciones legislativas de Cuba.<\/p>\n<p style=\"text-align: justify;\">1943.- Rosa Rojas, de s\u00f3lo 22 a\u00f1os, se convierte en la primera mujer colombiana que desempe\u00f1a el cargo de juez.<\/p>\n<p style=\"text-align: justify;\">1946.- Es condenado a muerte en Belgrado el jefe de la guerrilla \u00abchetnik\u00bb, Draga Mihailovich, que luch\u00f3 contra las fuerzas alemanas y los guerrilleros de Tito.<\/p>\n<p style=\"text-align: justify;\">1946.- Nace Linda Ronstadt, cantante estadounidense.<\/p>\n<p style=\"text-align: justify;\">1950.- Nace Arianna Huffington, escritora y periodista estadounidense.<\/p>\n<p style=\"text-align: justify;\">1953.- Nace Jean-Bertrand Aristide, ex presidente de Hait\u00ed.<\/p>\n<p style=\"text-align: justify;\">1954.- Nace Mario Alberto Kempes, futbolista y entrenador argentino.<\/p>\n<p style=\"text-align: justify;\">1955.- Juan Domingo Per\u00f3n dimite de la Presidencia del Partido Justicialista argentino.<\/p>\n<p style=\"text-align: justify;\">1958.- Desembarco de m\u00e1s de 5,400 infantes de la Marina estadounidenses en Beirut, la primera parte del importante contingente enviado por el presidente norteamericano Eisenhower.<\/p>\n<p style=\"text-align: justify;\">1959.- Nace Vincent Lindon, actor franc\u00e9s.<\/p>\n<p style=\"text-align: justify;\">1960.- Fuerzas de la ONU llegan al Congo para impedir una guerra civil entre el Gobierno central y el grupo rebelde de la provincia de Katanga.<\/p>\n<p style=\"text-align: justify;\">1961.- Nace Forest Whitaker, actor estadounidense.<\/p>\n<p style=\"text-align: justify;\">1965.- La sonda espacial estadounidense Mariner IV transmite 21 im\u00e1genes de Marte, a 200 millones de kms de la Tierra.<\/p>\n<p style=\"text-align: justify;\">1965.- Nace David Miliband, dirigente del Partido Laborista brit\u00e1nico.<\/p>\n<p style=\"text-align: justify;\">1968.- Se inicia la comunicaci\u00f3n a\u00e9rea entre Nueva York y Mosc\u00fa.<\/p>\n<p style=\"text-align: justify;\">1974.- Oficiales griegos de la Guardia Nacional chipriota derrocan al presidente de Chipre, el arzobispo Makarios.<\/p>\n<p style=\"text-align: justify;\">1979.- Mueren Juana Ibarbourou, \u00abJuana de Am\u00e9rica\u00bb, poetisa uruguaya, y Gustavo D\u00edaz Ordaz, ex presidente mexicano.<\/p>\n<p style=\"text-align: justify;\">1985.- Se inaugura en Nairobi la Conferencia Mundial de la Mujer.<\/p>\n<p style=\"text-align: justify;\">1987.- Mijail Gorbachov condena la represi\u00f3n de Stalin en la URSS.<\/p>\n<p style=\"text-align: justify;\">1990.- Sadam Husein, presidente de Irak, solicita apoyo en carta a la Liga \u00c1rabe contra Kuwait y Emiratos \u00c1rabes Unidos, a los que acusa de saturar de petr\u00f3leo el mercado.<\/p>\n<p style=\"text-align: justify;\">1993.- Ucrania, tercera potencia nuclear del mundo, inicia el desmantelamiento de sus misiles at\u00f3micos.<\/p>\n<p style=\"text-align: justify;\">1997.- Slobodan Milosevic, elegido presidente de la Rep\u00fablica Federal de Yugoslavia (Serbia y Montenegro) por cuatro a\u00f1os por las dos c\u00e1maras del Parlamento.<\/p>\n<p style=\"text-align: justify;\">1997.- Es asesinado el dise\u00f1ador de moda italiano Gianni Versace de dos disparos en la cabeza a la puerta de su mansi\u00f3n de Miami Beach (Florida, EEUU).<\/p>\n<p style=\"text-align: justify;\">1999.- Bloqueado el proceso de paz en Ulster al fracasar el nombramiento de un Gobierno aut\u00f3nomo para Irlanda del Norte.<\/p>\n<p style=\"text-align: justify;\">2000.- Muere Juan Filloy, escritor argentino.<\/p>\n<p style=\"text-align: justify;\">2001.- Estados Unidos prueba con \u00e9xito el escudo antimisiles con el que derriba, a 7 mil 725 kil\u00f3metros de distancia, un misil bal\u00edstico intercontinental Minuteman 2 en vuelo sobre el Pac\u00edfico.<\/p>\n<p style=\"text-align: justify;\">2003.- Muere Roberto Bola\u00f1o, escritor chileno.<\/p>\n<p style=\"text-align: justify;\">2004.- Muere Charles Sweeney, piloto estadounidense que lanz\u00f3 la bomba at\u00f3mica sobre Nagasaki.<\/p>\n<p style=\"text-align: justify;\">2005.- La UNESCO incluye en su lista de Patrimonio Mundial de la Humanidad el centro hist\u00f3rico de Cienfuegos (Cuba), las oficinas salitreras de Humberstone y Santa Laura (Chile) y obras de Antoni Gaud\u00ed.<\/p>\n<p style=\"text-align: justify;\">2007.- Sim\u00f3n Peres jura como presidente del Estado de Israel.<\/p>\n<p style=\"text-align: justify;\">2009.- Fallecen los 168 ocupantes de un avi\u00f3n iran\u00ed, un Tupolev de Caspian Airlines, que se precipit\u00f3 minutos despu\u00e9s de despegar de Teher\u00e1n.<\/p>\n<p style=\"text-align: justify;\">2010.- El Senado estadounidense aprueba una importante y ambiciosa reforma del sector financiero, que cambia los m\u00e9todos de supervisi\u00f3n de su banca.<\/p>\n<p style=\"text-align: justify;\">2014.- El conservador luxemburgu\u00e9s Jean-Claude Juncker es elegido presidente de la Comisi\u00f3n Europea.<\/p>\n","protected":false},"excerpt":{"rendered":"<p>Un d\u00eda 15 de julio como hoy, pero de 1867, el presidente Benito Ju\u00e1rez entra en la ciudad de M\u00e9xico tras haber derrocado el imperio de Maximiliano I.<\/p>\n","protected":false},"author":6,"featured_media":26991,"comment_status":"open","ping_status":"open","sticky":false,"template":"","format":"standard","meta":{"_acf_changed":false,"_monsterinsights_skip_tracking":false,"slim_seo":{"title":"Efem\u00e9rides 15 de julio - Opini\u00f3n P\u00fablica","description":"Un d\u00eda 15 de julio como hoy, pero de 1867, el presidente Benito Ju\u00e1rez entra en la ciudad de M\u00e9xico tras haber derrocado el imperio de Maximiliano I. M\u00e1s efem\u00e9r"},"footnotes":""},"categories":[27],"tags":[],"class_list":["post-26992","post","type-post","status-publish","format-standard","has-post-thumbnail","hentry","category-un-dia-como-hoy"],"acf":[],"_links":{"self":[{"href":"https:\/\/www.opinionpublica.tv\/portada\/wp-json\/wp\/v2\/posts\/26992","targetHints":{"allow":["GET"]}}],"collection":[{"href":"https:\/\/www.opinionpublica.tv\/portada\/wp-json\/wp\/v2\/posts"}],"about":[{"href":"https:\/\/www.opinionpublica.tv\/portada\/wp-json\/wp\/v2\/types\/post"}],"author":[{"embeddable":true,"href":"https:\/\/www.opinionpublica.tv\/portada\/wp-json\/wp\/v2\/users\/6"}],"replies":[{"embeddable":true,"href":"https:\/\/www.opinionpublica.tv\/portada\/wp-json\/wp\/v2\/comments?post=26992"}],"version-history":[{"count":0,"href":"https:\/\/www.opinionpublica.tv\/portada\/wp-json\/wp\/v2\/posts\/26992\/revisions"}],"wp:featuredmedia":[{"embeddable":true,"href":"https:\/\/www.opinionpublica.tv\/portada\/wp-json\/wp\/v2\/media\/26991"}],"wp:attachment":[{"href":"https:\/\/www.opinionpublica.tv\/portada\/wp-json\/wp\/v2\/media?parent=26992"}],"wp:term":[{"taxonomy":"category","embeddable":true,"href":"https:\/\/www.opinionpublica.tv\/portada\/wp-json\/wp\/v2\/categories?post=26992"},{"taxonomy":"post_tag","embeddable":true,"href":"https:\/\/www.opinionpublica.tv\/portada\/wp-json\/wp\/v2\/tags?post=26992"}],"curies":[{"name":"wp","href":"https:\/\/api.w.org\/{rel}","templated":true}]}}