{"id":26803,"date":"2021-06-25T06:00:00","date_gmt":"2021-06-25T04:00:00","guid":{"rendered":"https:\/\/www.opinionpublica.tv\/portada\/2021\/06\/25\/ahorcado\/"},"modified":"2021-06-25T06:00:00","modified_gmt":"2021-06-25T04:00:00","slug":"ahorcado","status":"publish","type":"post","link":"https:\/\/www.opinionpublica.tv\/portada\/ahorcado\/","title":{"rendered":"Ahorcado"},"content":{"rendered":"<img fetchpriority=\"high\" decoding=\"async\" class=\" size-full wp-image-26801\" src=\"https:\/\/www.opinionpublica.tv\/portada\/wp-content\/uploads\/2021\/06\/7497424aad66c89b68f1c069592d39fc.jpg\" alt=\"\" class=\"caption\" title=\"Myrna Alicia Pastrana Sol\u00eds.\" width=\"277\" height=\"270\" \/>\n<p style=\"text-align: justify;\">El triste ejemplar de la foto, no pertenece a una historia familiar como el de la canci\u00f3n\u00a0<em>Mi \u00e1rbol y yo<\/em>\u00a0que populariz\u00f3 Alberto Cort\u00e9s a fines de la d\u00e9cada de los 80 del siglo pasado; por si no la recuerda, el canta autor contaba y cantaba la importancia del \u00e1rbol del patio de su casa en las distintas etapas de su vida.<\/p>\n<p><!--more--><\/p>\n<p style=\"text-align: justify;\">\u00c9sta, sin duda es otra historia, el de la imagen no creci\u00f3 al amparo de una familia que le cuidara y agradeciera su presencia.<\/p>\n<p style=\"text-align: justify;\"><img decoding=\"async\" class=\" size-full wp-image-26802\" src=\"https:\/\/www.opinionpublica.tv\/portada\/wp-content\/uploads\/2021\/06\/argolin.png\" width=\"465\" height=\"301\" srcset=\"https:\/\/www.opinionpublica.tv\/portada\/wp-content\/uploads\/2021\/06\/argolin.png 465w, https:\/\/www.opinionpublica.tv\/portada\/wp-content\/uploads\/2021\/06\/argolin-300x194.png 300w\" sizes=\"(max-width: 465px) 100vw, 465px\" \/><\/p>\n<p style=\"text-align: justify;\">Su historia es m\u00e1s breve: Lleg\u00f3 hasta la calle Costa Rica donde tal vez fue plantado por ser una variedad que resiste las inclemencias de nuestros climas extremosos, pero la modernidad y la construcci\u00f3n de nuevas vialidades lo alcanzaron y a ello se le sum\u00f3 la ignorancia de quienes los condenaron a muerte.<\/p>\n<p style=\"text-align: justify;\">Con sa\u00f1a o por ignorancia, o las dos cosas vaya usted a saber qu\u00e9 fue primero, pero a este pino afgano seg\u00fan lo identifica un especialista, le fue eliminada la parte a\u00e9rea, o sea, la de arriba y adem\u00e1s, le quitaron la posibilidad de abastecerse de agua ahogando su tallo en cemento, no fuera a ser que alguna lluvia lo hiciera reverdecer.<a href=\"#_ftn1\" name=\"_ftnref1\">[1]<\/a><\/p>\n<p style=\"text-align: justify;\">Lo grave es que no es un solo caso, junto con \u00e9l, cientos de plantas han desaparecido de camellones y banquetas en esta ciudad donde clamamos por un chorrito de sombra, alivio de los viandantes y refugio de los sin casa.<\/p>\n<p style=\"text-align: justify;\"><a href=\"#_ftnref1\" name=\"_ftn1\">[1]<\/a> https:\/\/diario.mx\/juarez\/video-ahorcan-arboles-con-nuevas-banquetas-20210613-1806966.html<\/p>\n","protected":false},"excerpt":{"rendered":"<p>El triste ejemplar de la foto, no pertenece a una historia familiar como el de la canci\u00f3n\u00a0Mi \u00e1rbol y yo\u00a0que populariz\u00f3 Alberto Cort\u00e9s a fines de la d\u00e9cada de los 80 del siglo pasado; por si no la recuerda, el canta autor contaba y cantaba la importancia del \u00e1rbol del patio de su casa en [&hellip;]<\/p>\n","protected":false},"author":6,"featured_media":26801,"comment_status":"open","ping_status":"open","sticky":false,"template":"","format":"standard","meta":{"_acf_changed":false,"_monsterinsights_skip_tracking":false,"slim_seo":{"title":"Ahorcado - Opini\u00f3n P\u00fablica","description":"El triste ejemplar de la foto, no pertenece a una historia familiar como el de la canci\u00f3n\u00a0 Mi \u00e1rbol y yo \u00a0que populariz\u00f3 Alberto Cort\u00e9s a fines de la d\u00e9cada de"},"footnotes":""},"categories":[36],"tags":[],"class_list":["post-26803","post","type-post","status-publish","format-standard","has-post-thumbnail","hentry","category-pensandola-bien"],"acf":[],"_links":{"self":[{"href":"https:\/\/www.opinionpublica.tv\/portada\/wp-json\/wp\/v2\/posts\/26803","targetHints":{"allow":["GET"]}}],"collection":[{"href":"https:\/\/www.opinionpublica.tv\/portada\/wp-json\/wp\/v2\/posts"}],"about":[{"href":"https:\/\/www.opinionpublica.tv\/portada\/wp-json\/wp\/v2\/types\/post"}],"author":[{"embeddable":true,"href":"https:\/\/www.opinionpublica.tv\/portada\/wp-json\/wp\/v2\/users\/6"}],"replies":[{"embeddable":true,"href":"https:\/\/www.opinionpublica.tv\/portada\/wp-json\/wp\/v2\/comments?post=26803"}],"version-history":[{"count":0,"href":"https:\/\/www.opinionpublica.tv\/portada\/wp-json\/wp\/v2\/posts\/26803\/revisions"}],"wp:featuredmedia":[{"embeddable":true,"href":"https:\/\/www.opinionpublica.tv\/portada\/wp-json\/wp\/v2\/media\/26801"}],"wp:attachment":[{"href":"https:\/\/www.opinionpublica.tv\/portada\/wp-json\/wp\/v2\/media?parent=26803"}],"wp:term":[{"taxonomy":"category","embeddable":true,"href":"https:\/\/www.opinionpublica.tv\/portada\/wp-json\/wp\/v2\/categories?post=26803"},{"taxonomy":"post_tag","embeddable":true,"href":"https:\/\/www.opinionpublica.tv\/portada\/wp-json\/wp\/v2\/tags?post=26803"}],"curies":[{"name":"wp","href":"https:\/\/api.w.org\/{rel}","templated":true}]}}