{"id":26651,"date":"2021-06-14T06:00:00","date_gmt":"2021-06-14T04:00:00","guid":{"rendered":"https:\/\/www.opinionpublica.tv\/portada\/2021\/06\/14\/avanza-en-juarez-el-computo-de-las-diputaciones-locales\/"},"modified":"2021-06-14T06:00:00","modified_gmt":"2021-06-14T04:00:00","slug":"avanza-en-juarez-el-computo-de-las-diputaciones-locales","status":"publish","type":"post","link":"https:\/\/www.opinionpublica.tv\/portada\/avanza-en-juarez-el-computo-de-las-diputaciones-locales\/","title":{"rendered":"Avanza en Ju\u00e1rez el c\u00f3mputo de las diputaciones locales"},"content":{"rendered":"<p><img fetchpriority=\"high\" decoding=\"async\" class=\" size-full wp-image-26650\" src=\"https:\/\/www.opinionpublica.tv\/portada\/wp-content\/uploads\/2021\/06\/0fd4bab53f562410498f29e50d71109d.jpg\" alt=\"\" class=\"caption\" title=\"En Ju\u00e1rez hay nueve distritos locales con igual n\u00famero de diputados del Congreso en el Estado.\" width=\"768\" height=\"479\" srcset=\"https:\/\/www.opinionpublica.tv\/portada\/wp-content\/uploads\/2021\/06\/0fd4bab53f562410498f29e50d71109d.jpg 768w, https:\/\/www.opinionpublica.tv\/portada\/wp-content\/uploads\/2021\/06\/0fd4bab53f562410498f29e50d71109d-300x187.jpg 300w\" sizes=\"(max-width: 768px) 100vw, 768px\" \/><br \/>\n<!--more--><\/p>\n<p style=\"text-align: justify;\"><em>Ciudad Ju\u00e1rez, Chih<\/em>.- Luego de concluir el conteo de las actas de la gubernatura, la Asamblea Municipal Electoral de Ciudad Ju\u00e1rez inici\u00f3 este lunes con el c\u00f3mputo de las nueve diputaciones locales de este municipio.<\/p>\n<p style=\"text-align: justify;\">El primer corte de informaci\u00f3n en Ju\u00e1rez arroj\u00f3 un avance del 75.8 por ciento en el Distrito 02 local con 141 actas computadas; 48.1 por ciento en el Distrito 03, con 106; con 116 actas revisadas, el Distrito 04 registra un avance del 42.4 por ciento, el m\u00e1s bajo de todo el paquete de revisi\u00f3n; mientras que el Distrito 05 tiene el 59.4 por ciento, con 141 actas, y el Distrito 07 el 79.6 por ciento, con 184 actas computadas.<\/p>\n<p style=\"text-align: justify;\">En el resto de los distritos locales 06, 08, 09 y 10, hasta la tarde de este lunes no hab\u00eda iniciado el c\u00f3mputo de los votos y se prev\u00e9 pueda comenzar hasta el martes.<\/p>\n","protected":false},"excerpt":{"rendered":"","protected":false},"author":6,"featured_media":26650,"comment_status":"open","ping_status":"open","sticky":false,"template":"","format":"standard","meta":{"_acf_changed":false,"_monsterinsights_skip_tracking":false,"slim_seo":{"title":"Avanza en Ju\u00e1rez el c\u00f3mputo de las diputaciones locales - Opini\u00f3n P\u00fablica","description":"Ciudad Ju\u00e1rez, Chih .- Luego de concluir el conteo de las actas de la gubernatura, la Asamblea Municipal Electoral de Ciudad Ju\u00e1rez inici\u00f3 este lunes con el c\u00f3m"},"footnotes":""},"categories":[4],"tags":[],"class_list":["post-26651","post","type-post","status-publish","format-standard","has-post-thumbnail","hentry","category-pulsopolitico"],"acf":[],"_links":{"self":[{"href":"https:\/\/www.opinionpublica.tv\/portada\/wp-json\/wp\/v2\/posts\/26651","targetHints":{"allow":["GET"]}}],"collection":[{"href":"https:\/\/www.opinionpublica.tv\/portada\/wp-json\/wp\/v2\/posts"}],"about":[{"href":"https:\/\/www.opinionpublica.tv\/portada\/wp-json\/wp\/v2\/types\/post"}],"author":[{"embeddable":true,"href":"https:\/\/www.opinionpublica.tv\/portada\/wp-json\/wp\/v2\/users\/6"}],"replies":[{"embeddable":true,"href":"https:\/\/www.opinionpublica.tv\/portada\/wp-json\/wp\/v2\/comments?post=26651"}],"version-history":[{"count":0,"href":"https:\/\/www.opinionpublica.tv\/portada\/wp-json\/wp\/v2\/posts\/26651\/revisions"}],"wp:featuredmedia":[{"embeddable":true,"href":"https:\/\/www.opinionpublica.tv\/portada\/wp-json\/wp\/v2\/media\/26650"}],"wp:attachment":[{"href":"https:\/\/www.opinionpublica.tv\/portada\/wp-json\/wp\/v2\/media?parent=26651"}],"wp:term":[{"taxonomy":"category","embeddable":true,"href":"https:\/\/www.opinionpublica.tv\/portada\/wp-json\/wp\/v2\/categories?post=26651"},{"taxonomy":"post_tag","embeddable":true,"href":"https:\/\/www.opinionpublica.tv\/portada\/wp-json\/wp\/v2\/tags?post=26651"}],"curies":[{"name":"wp","href":"https:\/\/api.w.org\/{rel}","templated":true}]}}