{"id":26649,"date":"2021-06-14T06:00:00","date_gmt":"2021-06-14T04:00:00","guid":{"rendered":"https:\/\/www.opinionpublica.tv\/portada\/2021\/06\/14\/cuando-inicia-maru-campos-como-gobernadora-de-chihuahua\/"},"modified":"2021-06-14T06:00:00","modified_gmt":"2021-06-14T04:00:00","slug":"cuando-inicia-maru-campos-como-gobernadora-de-chihuahua","status":"publish","type":"post","link":"https:\/\/www.opinionpublica.tv\/portada\/cuando-inicia-maru-campos-como-gobernadora-de-chihuahua\/","title":{"rendered":"\u00bfCu\u00e1ndo iniciar\u00e1 Maru Campos como gobernadora de Chihuahua?"},"content":{"rendered":"<p><img fetchpriority=\"high\" decoding=\"async\" class=\" size-full wp-image-26648\" src=\"https:\/\/www.opinionpublica.tv\/portada\/wp-content\/uploads\/2021\/06\/5ad9ae8992625c6692c4412264552e84.jpg\" alt=\"\" class=\"caption\" title=\"Mar\u00eda Eugenia 'Maru' Campos Galv\u00e1n, ser\u00e1 la primera gobernadora del estado de Chihuahua.\" width=\"770\" height=\"423\" srcset=\"https:\/\/www.opinionpublica.tv\/portada\/wp-content\/uploads\/2021\/06\/5ad9ae8992625c6692c4412264552e84.jpg 770w, https:\/\/www.opinionpublica.tv\/portada\/wp-content\/uploads\/2021\/06\/5ad9ae8992625c6692c4412264552e84-300x165.jpg 300w, https:\/\/www.opinionpublica.tv\/portada\/wp-content\/uploads\/2021\/06\/5ad9ae8992625c6692c4412264552e84-768x422.jpg 768w\" sizes=\"(max-width: 770px) 100vw, 770px\" \/><br \/>\n<!--more--><\/p>\n<p style=\"text-align: justify;\"><em>Chihuahua, Chih<\/em>.- Seg\u00fan el art\u00edculo 87 de la Constituci\u00f3n Pol\u00edtica del Estado de Chihuahua, la pr\u00f3xima gobernadora electa, Mar\u00eda Eugenia Campos Galv\u00e1n, entrar\u00e1 a ejercer su encargo el d\u00eda ocho de ejercicio despu\u00e9s del d\u00eda siete de septiembre en que termine el actual periodo del gobernador Javier Corral.<\/p>\n<p style=\"text-align: justify;\">De igual manera, seg\u00fan el art\u00edculo 88 de la Constituci\u00f3n Pol\u00edtica del Estado de Chihuahua, la gobernadora al tomar posesi\u00f3n de su cargo,\u00a0 se presentar\u00e1 ante el Congreso o ante la Diputaci\u00f3n Permanente, donde tendr\u00e1 que jurar la siguiente protesta:<\/p>\n<p style=\"text-align: justify;\">\u201cProtesto guardar y hacer guardar la Constituci\u00f3n\u00a0 Pol\u00edtica de los Estados Unidos Mexicanos, la Particular del Estado y las leyes que de ellas emanen, y desempe\u00f1ar leal y patri\u00f3ticamente, mirando en todo por el bien y prosperidad de la Rep\u00fablica y del Estado, el cargo de Gobernador que el pueblo me ha conferido\u201d.<\/p>\n<p style=\"text-align: justify;\">A su vez, el presidente del Congreso y de la Diputaci\u00f3n Permanente en su caso, le amonestar\u00e1n en estos t\u00e9rminos: \u201cSi as\u00ed no lo hac\u00e9is, la Naci\u00f3n o el Estado os lo demanden\u201d.<\/p>\n<p style=\"text-align: justify;\">Por otro lado, seg\u00fan el Cap\u00edtulo II de la instalaci\u00f3n de Funcionamiento del Congreso art\u00edculo 44, el Congreso se renovar\u00e1 totalmente este a\u00f1o, con nuevos diputados\u00a0 y reelectos podr\u00e1n ser reelectos el primero de septiembre.<\/p>\n<p style=\"text-align: justify;\">Anteriormente, la Constituci\u00f3n de Chihuahua decretaba que el 4 de octubre ten\u00edan que entrar en funciones los gobernadores, pero una reforma en 2015, modific\u00f3 esta fecha para el 8 de septiembre.<\/p>\n","protected":false},"excerpt":{"rendered":"","protected":false},"author":6,"featured_media":26648,"comment_status":"open","ping_status":"open","sticky":false,"template":"","format":"standard","meta":{"_acf_changed":false,"_monsterinsights_skip_tracking":false,"slim_seo":{"title":"\u00bfCu\u00e1ndo iniciar\u00e1 Maru Campos como gobernadora de Chihuahua? - Opini\u00f3n P\u00fablica","description":"Chihuahua, Chih .- Seg\u00fan el art\u00edculo 87 de la Constituci\u00f3n Pol\u00edtica del Estado de Chihuahua, la pr\u00f3xima gobernadora electa, Mar\u00eda Eugenia Campos Galv\u00e1n, entrar\u00e1"},"footnotes":""},"categories":[4],"tags":[],"class_list":["post-26649","post","type-post","status-publish","format-standard","has-post-thumbnail","hentry","category-pulsopolitico"],"acf":[],"_links":{"self":[{"href":"https:\/\/www.opinionpublica.tv\/portada\/wp-json\/wp\/v2\/posts\/26649","targetHints":{"allow":["GET"]}}],"collection":[{"href":"https:\/\/www.opinionpublica.tv\/portada\/wp-json\/wp\/v2\/posts"}],"about":[{"href":"https:\/\/www.opinionpublica.tv\/portada\/wp-json\/wp\/v2\/types\/post"}],"author":[{"embeddable":true,"href":"https:\/\/www.opinionpublica.tv\/portada\/wp-json\/wp\/v2\/users\/6"}],"replies":[{"embeddable":true,"href":"https:\/\/www.opinionpublica.tv\/portada\/wp-json\/wp\/v2\/comments?post=26649"}],"version-history":[{"count":0,"href":"https:\/\/www.opinionpublica.tv\/portada\/wp-json\/wp\/v2\/posts\/26649\/revisions"}],"wp:featuredmedia":[{"embeddable":true,"href":"https:\/\/www.opinionpublica.tv\/portada\/wp-json\/wp\/v2\/media\/26648"}],"wp:attachment":[{"href":"https:\/\/www.opinionpublica.tv\/portada\/wp-json\/wp\/v2\/media?parent=26649"}],"wp:term":[{"taxonomy":"category","embeddable":true,"href":"https:\/\/www.opinionpublica.tv\/portada\/wp-json\/wp\/v2\/categories?post=26649"},{"taxonomy":"post_tag","embeddable":true,"href":"https:\/\/www.opinionpublica.tv\/portada\/wp-json\/wp\/v2\/tags?post=26649"}],"curies":[{"name":"wp","href":"https:\/\/api.w.org\/{rel}","templated":true}]}}