{"id":26643,"date":"2021-06-14T06:00:00","date_gmt":"2021-06-14T04:00:00","guid":{"rendered":"https:\/\/www.opinionpublica.tv\/portada\/2021\/06\/14\/eleccion-2021-recuento-de-danos\/"},"modified":"2021-06-14T06:00:00","modified_gmt":"2021-06-14T04:00:00","slug":"eleccion-2021-recuento-de-danos","status":"publish","type":"post","link":"https:\/\/www.opinionpublica.tv\/portada\/eleccion-2021-recuento-de-danos\/","title":{"rendered":"Elecci\u00f3n 2021: recuento de da\u00f1os"},"content":{"rendered":"<img fetchpriority=\"high\" decoding=\"async\" class=\" size-full wp-image-26642\" src=\"https:\/\/www.opinionpublica.tv\/portada\/wp-content\/uploads\/2021\/06\/1183ec35afb3b56265af53c973ce4f6d.jpg\" alt=\"\" class=\"caption\" title=\"Eduardo Borunda Escobedo.\" width=\"215\" height=\"241\" \/>\n<p style=\"text-align: justify;\">Las elecciones de este 6 de junio del 2021 est\u00e1n en su momento m\u00e1s sublime, intenso y espectacular porque se est\u00e1n terminando los plazos para la entrega de constancias de mayor\u00eda de gobernador, diputados federales y locales, ayuntamiento y s\u00edndico.<\/p>\n<p><!--more--><\/p>\n<p style=\"text-align: justify;\">Ju\u00e1rez cuenta con 1,044,510 personas en el listado nominal y vot\u00f3 un 41.98%. La cifra nos indica que vot\u00f3 el mismo porcentaje que en el a\u00f1o 2016 y se redujo un 7% la participaci\u00f3n con respecto al a\u00f1o 2018.<\/p>\n<p style=\"text-align: justify;\">Los datos con los que contamos, nos ponen a reflexionar en la nueva recomposici\u00f3n del poder p\u00fablico en el municipio de Ju\u00e1rez. MORENA, el partido del presidente Andr\u00e9s Manuel L\u00f3pez Obrador, obtuvo 205,844 votos. La cifra representa un 46.93% de los votos emitidos. Los datos oficiales ubican en un segundo plano en la elecci\u00f3n de gobernador al PAN, con un 29.71%. En tercer lugar se encuentra Movimiento Ciudadano, con un 8.99% total de la votaci\u00f3n emitida.<\/p>\n<p style=\"text-align: justify;\">Los datos del Programa de Resultados Preliminares han sido confirmados en el municipio de Ju\u00e1rez, las diferencias son m\u00ednimas, no alteran el c\u00f3mputo final. En el caso de MORENA, la diferencia entre PREP (49.66%) y el acta de c\u00f3mputo municipal de la elecci\u00f3n de gobernador (41.98%) fue un poco m\u00e1s de 7 puntos.<\/p>\n<p style=\"text-align: justify;\">En el caso del PAN, el PREP (31.23%) le dio un poco menos de 2 puntos de ventaja, que el c\u00f3mputo oficial (29.71%) se desvaneci\u00f3 levemente. Movimiento Ciudadano tuvo una baja de apenas un par de d\u00e9cimas que en el PREP (9.11%) le daba con respecto al c\u00f3mputo final (8.99%) \u00a0y que lo ubican entonces como la tercera fuerza a nivel municipal y estatal.<\/p>\n<p style=\"text-align: justify;\">Urge una reforma electoral que propicie esquemas novedosos, \u00e1giles, con certidumbre, m\u00e1xima publicidad y establecer un servicio profesional de carrera que evite las improvisaciones de los \u00faltimos procesos electorales. Hay fallas humanas pero la negligencia es completamente inadmisible cuando se juega la gobernabilidad de una sociedad dividida por el discurso gubernamental entre la misma sociedad. Han sido demasiadas horas \u2013 trabajo desperdiciadas en un cotejo y apertura de paquetes que se hubieran evitado si logramos ir m\u00e1s all\u00e1 de una elecci\u00f3n manual como la que tenemos.<\/p>\n<p style=\"text-align: justify;\">\u00bfQu\u00e9 sigue? Faltan los c\u00f3mputos distritales de la elecci\u00f3n de diputados, ayuntamiento y s\u00edndico. Los resultados previos al tener una ventaja notoria en el Programa de Resultados Electorales Preliminares ser\u00e1n dif\u00edciles de que cambien de ganador. Sin embargo, lo que se ha pedido a las autoridades de la Asamblea Municipal en Ju\u00e1rez, es que sea din\u00e1mica la sesi\u00f3n de c\u00f3mputo, que se haga de manera ininterrumpida, que se d\u00e9 certeza a los ciudadanos de que su voto ser\u00e1 respetado y contado en la elecci\u00f3n m\u00e1s grande de la historia en M\u00e9xico.<\/p>\n<p style=\"text-align: justify;\">Debemos reconocer el trabajo del personal del Instituto Nacional Electoral, cargaron con el peso de la elecci\u00f3n, terminaron de manera ininterrumpida con su sesi\u00f3n de c\u00f3mputo distrital para la elecci\u00f3n de diputados por el principio de mayor\u00eda relativa. Deja un buen sabor de boca la prontitud, pero insisto, es necesaria una reforma que evite la disimulaci\u00f3n, el autoenga\u00f1o, la violaci\u00f3n a la norma electoral y se separen claramente la l\u00ednea de lo permitido y lo prohibido.<\/p>\n<p style=\"text-align: justify;\">La presidenta del IEE, la doctora Claudia Espino, \u201cle toc\u00f3 bailar con el m\u00e1s feo\u201d, en plena pandemia, la muerte del consejero presidente Arturo Meraz, la revocaci\u00f3n del nombramiento de consejero presidente por parte del Tribunal Electoral de la Federaci\u00f3n, los desaf\u00edos de una elecci\u00f3n de gobernador y los problemas propios de una elecci\u00f3n constitucional la ubican como el actor m\u00e1s importante para garantizar la paz social. Reconocimiento expreso a ella y a su equipo de trabajo en el Consejo Estatal.<\/p>\n<p style=\"text-align: justify;\">Aqu\u00ed en Ju\u00e1rez, la presidencia de la Asamblea Municipal, en boca de acad\u00e9micos, consejeros electorales, analistas pol\u00edticos, medios de comunicaci\u00f3n y representantes de diversos partidos pol\u00edticos es contundente, deja muchas preguntas sin responder y muchas de ellas pueden rayar en la imparcialidad del proceso electoral.<\/p>\n","protected":false},"excerpt":{"rendered":"<p>Las elecciones de este 6 de junio del 2021 est\u00e1n en su momento m\u00e1s sublime, intenso y espectacular porque se est\u00e1n terminando los plazos para la entrega de constancias de mayor\u00eda de gobernador, diputados federales y locales, ayuntamiento y s\u00edndico.<\/p>\n","protected":false},"author":6,"featured_media":26642,"comment_status":"open","ping_status":"open","sticky":false,"template":"","format":"standard","meta":{"_acf_changed":false,"_monsterinsights_skip_tracking":false,"slim_seo":{"title":"Elecci\u00f3n 2021: recuento de da\u00f1os - Opini\u00f3n P\u00fablica","description":"Las elecciones de este 6 de junio del 2021 est\u00e1n en su momento m\u00e1s sublime, intenso y espectacular porque se est\u00e1n terminando los plazos para la entrega de cons"},"footnotes":""},"categories":[31],"tags":[],"class_list":["post-26643","post","type-post","status-publish","format-standard","has-post-thumbnail","hentry","category-galimatias"],"acf":[],"_links":{"self":[{"href":"https:\/\/www.opinionpublica.tv\/portada\/wp-json\/wp\/v2\/posts\/26643","targetHints":{"allow":["GET"]}}],"collection":[{"href":"https:\/\/www.opinionpublica.tv\/portada\/wp-json\/wp\/v2\/posts"}],"about":[{"href":"https:\/\/www.opinionpublica.tv\/portada\/wp-json\/wp\/v2\/types\/post"}],"author":[{"embeddable":true,"href":"https:\/\/www.opinionpublica.tv\/portada\/wp-json\/wp\/v2\/users\/6"}],"replies":[{"embeddable":true,"href":"https:\/\/www.opinionpublica.tv\/portada\/wp-json\/wp\/v2\/comments?post=26643"}],"version-history":[{"count":0,"href":"https:\/\/www.opinionpublica.tv\/portada\/wp-json\/wp\/v2\/posts\/26643\/revisions"}],"wp:featuredmedia":[{"embeddable":true,"href":"https:\/\/www.opinionpublica.tv\/portada\/wp-json\/wp\/v2\/media\/26642"}],"wp:attachment":[{"href":"https:\/\/www.opinionpublica.tv\/portada\/wp-json\/wp\/v2\/media?parent=26643"}],"wp:term":[{"taxonomy":"category","embeddable":true,"href":"https:\/\/www.opinionpublica.tv\/portada\/wp-json\/wp\/v2\/categories?post=26643"},{"taxonomy":"post_tag","embeddable":true,"href":"https:\/\/www.opinionpublica.tv\/portada\/wp-json\/wp\/v2\/tags?post=26643"}],"curies":[{"name":"wp","href":"https:\/\/api.w.org\/{rel}","templated":true}]}}