{"id":26637,"date":"2021-06-14T06:00:00","date_gmt":"2021-06-14T04:00:00","guid":{"rendered":"https:\/\/www.opinionpublica.tv\/portada\/2021\/06\/14\/efemerides-14-de-junio-4\/"},"modified":"2021-06-14T06:00:00","modified_gmt":"2021-06-14T04:00:00","slug":"efemerides-14-de-junio-4","status":"publish","type":"post","link":"https:\/\/www.opinionpublica.tv\/portada\/efemerides-14-de-junio-4\/","title":{"rendered":"Efem\u00e9rides 14 de junio"},"content":{"rendered":"<img fetchpriority=\"high\" decoding=\"async\" class=\" size-full wp-image-26636\" src=\"https:\/\/www.opinionpublica.tv\/portada\/wp-content\/uploads\/2021\/06\/beb4c27298dbcd49aec7fe30ec5e1edd.jpg\" alt=\"\" class=\"caption\" title=\"Milicianos chi\u00edtas libaneses secuestran un avi\u00f3n de la TWA cuando volaba de Atenas a Roma.\" width=\"724\" height=\"537\" srcset=\"https:\/\/www.opinionpublica.tv\/portada\/wp-content\/uploads\/2021\/06\/beb4c27298dbcd49aec7fe30ec5e1edd.jpg 724w, https:\/\/www.opinionpublica.tv\/portada\/wp-content\/uploads\/2021\/06\/beb4c27298dbcd49aec7fe30ec5e1edd-300x223.jpg 300w\" sizes=\"(max-width: 724px) 100vw, 724px\" \/>\n<p style=\"text-align: justify;\">Un d\u00eda 14 de junio como hoy, pero de 1985, milicianos chi\u00edtas libaneses secuestran un avi\u00f3n de la TWA cuando volaba de Atenas a Roma con 153 pasajeros a bordo. El secuestro dur\u00f3 16 d\u00edas.<\/p>\n<p><!--more--><\/p>\n<p style=\"text-align: justify;\"><strong>M\u00e1s efem\u00e9rides<\/strong><\/p>\n<p style=\"text-align: justify;\">1699.- Presentaci\u00f3n en la Real Sociedad de Londres de la primera m\u00e1quina de vapor, por el mec\u00e1nico ingl\u00e9s Thomas Savery.<\/p>\n<p style=\"text-align: justify;\">1791.- La Rep\u00fablica francesa proclama la libertad de trabajo.<\/p>\n<p style=\"text-align: justify;\">1808.- Guerra de la Independencia. La escuadra francesa del almirante Rossilly se rinde en C\u00e1diz a las fuerzas navales de Juan Jos\u00e9 Ruiz de Apodaca.<\/p>\n<p style=\"text-align: justify;\">1823.- Guatemala se separa de M\u00e9xico.<\/p>\n<p style=\"text-align: justify;\">1858.- Nace Manuel Jos\u00e9 Oth\u00f3n, poeta y escritor mexicano.<\/p>\n<p style=\"text-align: justify;\">1864.- Fallece Pedro Santana, militar y pol\u00edtico dominicano.<\/p>\n<p style=\"text-align: justify;\">1871.- Nace Jes\u00fas del Corral, escritor y pol\u00edtico colombiano.<\/p>\n<p style=\"text-align: justify;\">1900.- Son amenazadas las legaciones extranjeras en China: 20,000 boxers rodean Pek\u00edn.<\/p>\n<p style=\"text-align: justify;\">1904.- Fracaso del Ej\u00e9rcito ruso en Port Arthur.<\/p>\n<p style=\"text-align: justify;\">1906.- Nace Margaret Bourke-White, reportera gr\u00e1fica estadounidense.<\/p>\n<p style=\"text-align: justify;\">1905.- La tripulaci\u00f3n del acorazado ruso \u00abPotemkin\u00bb se rebela y fusila al comandante y a varios oficiales.<\/p>\n<p style=\"text-align: justify;\">1914.- I Guerra Mundial: Una escuadrilla de aviones alemanes bombardea Londres y causa m\u00e1s de 500 v\u00edctimas.<\/p>\n<p style=\"text-align: justify;\">1920.- Por primera vez una artista se hace o\u00edr en Europa a trav\u00e9s de la radio: la cantante Nelia Melba, que actuaba en Londres, fue escuchada en Par\u00eds<\/p>\n<p style=\"text-align: justify;\">1920.- Fallece Max Weber, soci\u00f3logo alem\u00e1n.<\/p>\n<p style=\"text-align: justify;\">1928.- El pol\u00edtico radical Hip\u00f3lito Yrigoyen, elegido presidente de Argentina.<\/p>\n<p style=\"text-align: justify;\">1928.- Nace Ernesto \u00abChe\u00bb Guevara, revolucionario cubano de origen argentino.<\/p>\n<p style=\"text-align: justify;\">1936.- Fallece Gilbert Keith Chesterton, escritor brit\u00e1nico.<\/p>\n<p style=\"text-align: justify;\">1937.- Nace Espartaco Santoni, actor y productor de cine de origen italovenezolano.<\/p>\n<p style=\"text-align: justify;\">1940.- II Guerra Mundial: Entrada del Ej\u00e9rcito alem\u00e1n en Par\u00eds.<\/p>\n<p style=\"text-align: justify;\">1944.- Nace Chico Buarque, compositor, int\u00e9rprete y escritor brasile\u00f1o.<\/p>\n<p style=\"text-align: justify;\">1954.- Nace Kathleen Turner, actriz estadounidense.<\/p>\n<p style=\"text-align: justify;\">1964.- El presidente Francisco Duvalier, que ejerce desde 1957, es investido presidente vitalicio de la Rep\u00fablica de Hait\u00ed.<\/p>\n<p style=\"text-align: justify;\">1968.- Fallece Salvatore Quasimodo, poeta italiano, Premio Nobel de Literatura en 1959.<\/p>\n<p style=\"text-align: justify;\">1969.- Nace Steffi Graf, tenista alemana.<\/p>\n<p style=\"text-align: justify;\">1982.- Final de la Guerra de las Malvinas: el ej\u00e9rcito argentino se rinde ante las fuerzas brit\u00e1nicas.<\/p>\n<p style=\"text-align: justify;\">1986.- Fallece Jorge Luis Borges, escritor argentino.<\/p>\n<p style=\"text-align: justify;\">1987.- Elecciones generales en Italia: la Democracia Cristiana obtiene 234 esca\u00f1os, el Partido Comunista Italiano 177 y el Partido Socialista 94.<\/p>\n<p style=\"text-align: justify;\">1992.- La Cumbre de la Tierra adopta en R\u00edo de Janeiro la Agenda 21, la Declaraci\u00f3n de R\u00edo sobre Medio Ambiente y Desarrollo, y la Declaraci\u00f3n de Principios sobre Bosques.<\/p>\n<p style=\"text-align: justify;\">1994.- Inauguraci\u00f3n de la IV Cumbre Iberoamericana en Cartagena de Indias (Colombia), a la que asisten 21 jefes de Estado y de Gobierno.<\/p>\n<p style=\"text-align: justify;\">1994.- Fallece Henry Mancini, compositor estadounidense.<\/p>\n<p style=\"text-align: justify;\">1999.- Dimite el primer ministro belga, el socialista flamenco Jean-Luc Dehaene (CVP), tras su derrota en las elecciones legislativas.<\/p>\n<p style=\"text-align: justify;\">1999.- Fallece Osvaldo Dragun, director y autor teatral argentino.<\/p>\n<p style=\"text-align: justify;\">2000.- Los dirigentes de las dos Coreas firman un acuerdo hist\u00f3rico por el que se comprometen a colaborar para la eventual reunificaci\u00f3n de la pen\u00ednsula.<\/p>\n<p style=\"text-align: justify;\">2001.- Fallece Sebasti\u00e3o Neto, m\u00fasico brasile\u00f1o.<\/p>\n<p style=\"text-align: justify;\">2002.- Rusia abandona el tratado de desarme nuclear START-II, tras la salida de EE. UU. del Tratado de Misiles Antibal\u00edsticos (ABM).<\/p>\n<p style=\"text-align: justify;\">2005.- La Corte Suprema de Argentina declara inconstitucionales las leyes de Punto Final y Obediencia Debida.<\/p>\n<p style=\"text-align: justify;\">2006.- La Polic\u00eda estatal mexicana desaloja del centro de la capital del estado de Oaxaca a miles de maestros que se manifiestan en demanda de mejoras salariales.<\/p>\n<p style=\"text-align: justify;\">2007.- El presidente palestino, Mahmud Ab\u00e1s, disuelve el Gobierno de Unidad Nacional de Ismail Haniye y declara el estado de emergencia en todos los territorios palestinos, despu\u00e9s de que Ham\u00e1s se hiciera con el control de la franja de Gaza.<\/p>\n<p style=\"text-align: justify;\">2007.- Fallece Kurt Waldheim, expresidente de Austria y exsecretario general de la ONU.<\/p>\n<p style=\"text-align: justify;\">2011.- Fallece Augusto Ram\u00edrez Ocampo, ex canciller colombiano.<\/p>\n","protected":false},"excerpt":{"rendered":"<p>Un d\u00eda 14 de junio como hoy, pero de 1985, milicianos chi\u00edtas libaneses secuestran un avi\u00f3n de la TWA cuando volaba de Atenas a Roma con 153 pasajeros a bordo. El secuestro dur\u00f3 16 d\u00edas.<\/p>\n","protected":false},"author":6,"featured_media":26636,"comment_status":"open","ping_status":"open","sticky":false,"template":"","format":"standard","meta":{"_acf_changed":false,"_monsterinsights_skip_tracking":false,"slim_seo":{"title":"Efem\u00e9rides 14 de junio - Opini\u00f3n P\u00fablica","description":"Un d\u00eda 14 de junio como hoy, pero de 1985, milicianos chi\u00edtas libaneses secuestran un avi\u00f3n de la TWA cuando volaba de Atenas a Roma con 153 pasajeros a bordo."},"footnotes":""},"categories":[27],"tags":[],"class_list":["post-26637","post","type-post","status-publish","format-standard","has-post-thumbnail","hentry","category-un-dia-como-hoy"],"acf":[],"_links":{"self":[{"href":"https:\/\/www.opinionpublica.tv\/portada\/wp-json\/wp\/v2\/posts\/26637","targetHints":{"allow":["GET"]}}],"collection":[{"href":"https:\/\/www.opinionpublica.tv\/portada\/wp-json\/wp\/v2\/posts"}],"about":[{"href":"https:\/\/www.opinionpublica.tv\/portada\/wp-json\/wp\/v2\/types\/post"}],"author":[{"embeddable":true,"href":"https:\/\/www.opinionpublica.tv\/portada\/wp-json\/wp\/v2\/users\/6"}],"replies":[{"embeddable":true,"href":"https:\/\/www.opinionpublica.tv\/portada\/wp-json\/wp\/v2\/comments?post=26637"}],"version-history":[{"count":0,"href":"https:\/\/www.opinionpublica.tv\/portada\/wp-json\/wp\/v2\/posts\/26637\/revisions"}],"wp:featuredmedia":[{"embeddable":true,"href":"https:\/\/www.opinionpublica.tv\/portada\/wp-json\/wp\/v2\/media\/26636"}],"wp:attachment":[{"href":"https:\/\/www.opinionpublica.tv\/portada\/wp-json\/wp\/v2\/media?parent=26637"}],"wp:term":[{"taxonomy":"category","embeddable":true,"href":"https:\/\/www.opinionpublica.tv\/portada\/wp-json\/wp\/v2\/categories?post=26637"},{"taxonomy":"post_tag","embeddable":true,"href":"https:\/\/www.opinionpublica.tv\/portada\/wp-json\/wp\/v2\/tags?post=26637"}],"curies":[{"name":"wp","href":"https:\/\/api.w.org\/{rel}","templated":true}]}}