{"id":26497,"date":"2021-05-16T06:00:00","date_gmt":"2021-05-16T04:00:00","guid":{"rendered":"https:\/\/www.opinionpublica.tv\/portada\/2021\/05\/16\/cementerio\/"},"modified":"2021-05-16T06:00:00","modified_gmt":"2021-05-16T04:00:00","slug":"cementerio","status":"publish","type":"post","link":"https:\/\/www.opinionpublica.tv\/portada\/cementerio\/","title":{"rendered":"Cementerio"},"content":{"rendered":"<img fetchpriority=\"high\" decoding=\"async\" class=\" size-full wp-image-26495\" src=\"https:\/\/www.opinionpublica.tv\/portada\/wp-content\/uploads\/2021\/05\/651d40634c7c4346f3f104a1ff612807.jpg\" alt=\"\" class=\"caption\" title=\"Myrna Alicia Pastrana Sol\u00eds.\" width=\"277\" height=\"270\" \/>\n<p style=\"text-align: justify;\">Si las bolsas de pl\u00e1stico fueran rosales y las llantas maceteros, indudablemente que podr\u00edamos estar ante un vergel de plantas, pero no es as\u00ed. La imagen se repite en un buen n\u00famero de lotes bald\u00edos y en las afueras de la ciudad. \u00c9sta, por ejemplo, fue tomada de la Sierra de Ju\u00e1rez y no en su mejor momento ahora que algunos la tienen convertida en basurero.<\/p>\n<p><!--more--><\/p>\n<p style=\"text-align: justify;\">A pesar de lo desagradable, el estudio de los desechos que tiramos, formalmente conocido como Arqueolog\u00eda de la Basura, revela mucho de los h\u00e1bitos de consumo, de la identidad y del status social y econ\u00f3mico que tenemos los compradores de bienes y satisfactores.<\/p>\n<p style=\"text-align: justify;\"><img decoding=\"async\" class=\" size-full wp-image-26496\" src=\"https:\/\/www.opinionpublica.tv\/portada\/wp-content\/uploads\/2021\/05\/cementerio.png\" width=\"485\" height=\"354\" srcset=\"https:\/\/www.opinionpublica.tv\/portada\/wp-content\/uploads\/2021\/05\/cementerio.png 485w, https:\/\/www.opinionpublica.tv\/portada\/wp-content\/uploads\/2021\/05\/cementerio-300x219.png 300w\" sizes=\"(max-width: 485px) 100vw, 485px\" \/><\/p>\n<p style=\"text-align: justify;\">De existir inter\u00e9s por parte de los gobiernos, este tipo de estudios ambientales, pueden arrojar luz en la b\u00fasqueda de soluciones a los problemas producidos por la contaminaci\u00f3n.<\/p>\n<p style=\"text-align: justify;\">La foto entonces nos lleva a reconocer, llantas de autom\u00f3viles, desechos de construcci\u00f3n, vasos de unicel, envases de pl\u00e1stico que contuvieron litros de agua endulzada con sabor artificial, envases peque\u00f1os de flan o yogurt, bolsa de papitas enchiladas; entre ellas sobresalen las c\u00e1scaras de toronja o naranja y lo m\u00e1s impactante: la cabeza de un cerdo, todav\u00eda con el ojo derecho visible puesto en su lugar, acaso como \u00faltimo recuerdo de haber visto a quien le cort\u00f3 la vida.<\/p>\n<p style=\"text-align: justify;\">Conmueve el abandono por el que fue dejado, si el rastro no es el mejor lugar para morir, la intemperie tampoco lo es para reposar; para muestra basta un bot\u00f3n o una oreja en este caso, mire si la oreja carcomida en la punta, la derecha, no es la prueba fehaciente de que los depredadores rondan por el cementerio.<\/p>\n","protected":false},"excerpt":{"rendered":"<p>Si las bolsas de pl\u00e1stico fueran rosales y las llantas maceteros, indudablemente que podr\u00edamos estar ante un vergel de plantas, pero no es as\u00ed. La imagen se repite en un buen n\u00famero de lotes bald\u00edos y en las afueras de la ciudad. \u00c9sta, por ejemplo, fue tomada de la Sierra de Ju\u00e1rez y no en [&hellip;]<\/p>\n","protected":false},"author":6,"featured_media":26495,"comment_status":"open","ping_status":"open","sticky":false,"template":"","format":"standard","meta":{"_acf_changed":false,"_monsterinsights_skip_tracking":false,"slim_seo":{"title":"Cementerio - Opini\u00f3n P\u00fablica","description":"Si las bolsas de pl\u00e1stico fueran rosales y las llantas maceteros, indudablemente que podr\u00edamos estar ante un vergel de plantas, pero no es as\u00ed. La imagen se rep"},"footnotes":""},"categories":[36],"tags":[],"class_list":["post-26497","post","type-post","status-publish","format-standard","has-post-thumbnail","hentry","category-pensandola-bien"],"acf":[],"_links":{"self":[{"href":"https:\/\/www.opinionpublica.tv\/portada\/wp-json\/wp\/v2\/posts\/26497","targetHints":{"allow":["GET"]}}],"collection":[{"href":"https:\/\/www.opinionpublica.tv\/portada\/wp-json\/wp\/v2\/posts"}],"about":[{"href":"https:\/\/www.opinionpublica.tv\/portada\/wp-json\/wp\/v2\/types\/post"}],"author":[{"embeddable":true,"href":"https:\/\/www.opinionpublica.tv\/portada\/wp-json\/wp\/v2\/users\/6"}],"replies":[{"embeddable":true,"href":"https:\/\/www.opinionpublica.tv\/portada\/wp-json\/wp\/v2\/comments?post=26497"}],"version-history":[{"count":0,"href":"https:\/\/www.opinionpublica.tv\/portada\/wp-json\/wp\/v2\/posts\/26497\/revisions"}],"wp:featuredmedia":[{"embeddable":true,"href":"https:\/\/www.opinionpublica.tv\/portada\/wp-json\/wp\/v2\/media\/26495"}],"wp:attachment":[{"href":"https:\/\/www.opinionpublica.tv\/portada\/wp-json\/wp\/v2\/media?parent=26497"}],"wp:term":[{"taxonomy":"category","embeddable":true,"href":"https:\/\/www.opinionpublica.tv\/portada\/wp-json\/wp\/v2\/categories?post=26497"},{"taxonomy":"post_tag","embeddable":true,"href":"https:\/\/www.opinionpublica.tv\/portada\/wp-json\/wp\/v2\/tags?post=26497"}],"curies":[{"name":"wp","href":"https:\/\/api.w.org\/{rel}","templated":true}]}}