{"id":26393,"date":"2021-04-21T06:00:00","date_gmt":"2021-04-21T04:00:00","guid":{"rendered":"https:\/\/www.opinionpublica.tv\/portada\/2021\/04\/21\/malabarista\/"},"modified":"2021-04-21T06:00:00","modified_gmt":"2021-04-21T04:00:00","slug":"malabarista","status":"publish","type":"post","link":"https:\/\/www.opinionpublica.tv\/portada\/malabarista\/","title":{"rendered":"Malabarista"},"content":{"rendered":"<img fetchpriority=\"high\" decoding=\"async\" class=\" size-full wp-image-26391\" src=\"https:\/\/www.opinionpublica.tv\/portada\/wp-content\/uploads\/2021\/04\/62dbf15773d559e4ec1d1f1a353fb415.jpg\" alt=\"\" class=\"caption\" title=\"Myrna Alicia Pastrana Sol\u00eds.\" width=\"277\" height=\"270\" \/>\n<p style=\"text-align: justify;\">En dos horas puede uno hacer repaso de su vida hasta llegar al punto de preguntarse: \u00bfqu\u00e9 lo tiene en la situaci\u00f3n de riesgo en que se encuentra?<\/p>\n<p><!--more--><\/p>\n<p style=\"text-align: justify;\">Encaramado en lo alto del muro fronterizo, este hombre que por dem\u00e1s est\u00e1 decir, tiene muy buena condici\u00f3n f\u00edsica y no trepaba precisamente en el palo encebado de su pueblo, no pudo prever en la obscuridad, el descenso del lado americano cuando su cuerpo qued\u00f3 atorado en la estructura de metal.<\/p>\n<p style=\"text-align: justify;\"><img decoding=\"async\" class=\" size-full wp-image-26392\" src=\"https:\/\/www.opinionpublica.tv\/portada\/wp-content\/uploads\/2021\/04\/muross.png\" width=\"453\" height=\"324\" srcset=\"https:\/\/www.opinionpublica.tv\/portada\/wp-content\/uploads\/2021\/04\/muross.png 453w, https:\/\/www.opinionpublica.tv\/portada\/wp-content\/uploads\/2021\/04\/muross-300x215.png 300w\" sizes=\"(max-width: 453px) 100vw, 453px\" \/><\/p>\n<p style=\"text-align: justify;\">Para su desgracia o fortuna el Departamento de Bomberos de El Paso lo rescat\u00f3: Una parte de la historia dice que de haber seguido ah\u00ed y con los nervios m\u00e1s templados, sin desesperarse, habr\u00eda apreciado un amanecer en Ju\u00e1rez y escuchado en la mediana lejan\u00eda, la locomotora del tren cuando comienza a pitar, se\u00f1al inequ\u00edvoca del rumbo de los vagones hacia El Paso.<\/p>\n<p style=\"text-align: justify;\">En esa quietud, no hubiesen pasado desapercibidas el rechinar que en su frenado hacen las ruedas de metal; un rato m\u00e1s, sin desesperaci\u00f3n y con la claridad del d\u00eda, se habr\u00eda destrabado del muro que lo apres\u00f3. Ya estando en el suelo estar\u00eda preocupado por la comida de ese d\u00eda y sus afanes los enfocar\u00eda a intentar otro tipo de entrada ilegal menos temeraria a los Estados Unidos.<\/p>\n<p style=\"text-align: justify;\">Pero la otra historia, la que verdaderamente sucedi\u00f3 es que fue puesto a disposici\u00f3n de las autoridades de migraci\u00f3n norteamericana dando fin a sus sue\u00f1os de inmigrante. A lo mejor, \u00edntimamente agradece el rescate, porque, al paso de las horas y con los calambres que suelen dar en las piernas al permanecer en una sola posici\u00f3n, habr\u00eda luchado por lanzarse al vac\u00edo y engrosado la estad\u00edstica de los que mueren en el intento.<\/p>\n","protected":false},"excerpt":{"rendered":"<p>En dos horas puede uno hacer repaso de su vida hasta llegar al punto de preguntarse: \u00bfqu\u00e9 lo tiene en la situaci\u00f3n de riesgo en que se encuentra?<\/p>\n","protected":false},"author":6,"featured_media":26391,"comment_status":"open","ping_status":"open","sticky":false,"template":"","format":"standard","meta":{"_acf_changed":false,"_monsterinsights_skip_tracking":false,"slim_seo":{"title":"Malabarista - Opini\u00f3n P\u00fablica","description":"En dos horas puede uno hacer repaso de su vida hasta llegar al punto de preguntarse: \u00bfqu\u00e9 lo tiene en la situaci\u00f3n de riesgo en que se encuentra? Encaramado en"},"footnotes":""},"categories":[36],"tags":[],"class_list":["post-26393","post","type-post","status-publish","format-standard","has-post-thumbnail","hentry","category-pensandola-bien"],"acf":[],"_links":{"self":[{"href":"https:\/\/www.opinionpublica.tv\/portada\/wp-json\/wp\/v2\/posts\/26393","targetHints":{"allow":["GET"]}}],"collection":[{"href":"https:\/\/www.opinionpublica.tv\/portada\/wp-json\/wp\/v2\/posts"}],"about":[{"href":"https:\/\/www.opinionpublica.tv\/portada\/wp-json\/wp\/v2\/types\/post"}],"author":[{"embeddable":true,"href":"https:\/\/www.opinionpublica.tv\/portada\/wp-json\/wp\/v2\/users\/6"}],"replies":[{"embeddable":true,"href":"https:\/\/www.opinionpublica.tv\/portada\/wp-json\/wp\/v2\/comments?post=26393"}],"version-history":[{"count":0,"href":"https:\/\/www.opinionpublica.tv\/portada\/wp-json\/wp\/v2\/posts\/26393\/revisions"}],"wp:featuredmedia":[{"embeddable":true,"href":"https:\/\/www.opinionpublica.tv\/portada\/wp-json\/wp\/v2\/media\/26391"}],"wp:attachment":[{"href":"https:\/\/www.opinionpublica.tv\/portada\/wp-json\/wp\/v2\/media?parent=26393"}],"wp:term":[{"taxonomy":"category","embeddable":true,"href":"https:\/\/www.opinionpublica.tv\/portada\/wp-json\/wp\/v2\/categories?post=26393"},{"taxonomy":"post_tag","embeddable":true,"href":"https:\/\/www.opinionpublica.tv\/portada\/wp-json\/wp\/v2\/tags?post=26393"}],"curies":[{"name":"wp","href":"https:\/\/api.w.org\/{rel}","templated":true}]}}