{"id":26259,"date":"2021-03-29T07:00:00","date_gmt":"2021-03-29T05:00:00","guid":{"rendered":"https:\/\/www.opinionpublica.tv\/portada\/2021\/03\/29\/el-netflics-de-morena-adoctrinamiento-politico\/"},"modified":"2021-03-29T07:00:00","modified_gmt":"2021-03-29T05:00:00","slug":"el-netflics-de-morena-adoctrinamiento-politico","status":"publish","type":"post","link":"https:\/\/www.opinionpublica.tv\/portada\/el-netflics-de-morena-adoctrinamiento-politico\/","title":{"rendered":"El \u2018NETFLICS\u2019 de Morena, adoctrinamiento pol\u00edtico"},"content":{"rendered":"<p><img fetchpriority=\"high\" decoding=\"async\" class=\" size-full wp-image-26258\" src=\"https:\/\/www.opinionpublica.tv\/portada\/wp-content\/uploads\/2021\/03\/6548d55a1cd40888cef49ddbdb386585.jpg\" alt=\"\" class=\"caption\" title=\"En la plataforma www.morenflix.mx se pueden ver videos sobre temas de adoctrinamiento.\" width=\"311\" height=\"162\" srcset=\"https:\/\/www.opinionpublica.tv\/portada\/wp-content\/uploads\/2021\/03\/6548d55a1cd40888cef49ddbdb386585.jpg 311w, https:\/\/www.opinionpublica.tv\/portada\/wp-content\/uploads\/2021\/03\/6548d55a1cd40888cef49ddbdb386585-300x156.jpg 300w\" sizes=\"(max-width: 311px) 100vw, 311px\" \/><br \/>\n<!--more--><\/p>\n<p style=\"text-align: justify;\"><em>Ciudad de M\u00e9xico<\/em>.- El Instituto Nacional de Formaci\u00f3n Pol\u00edtica (INFP) de\u00a0Morena\u00a0tiene su plataforma de\u00a0videos\u00a0para el\u00a0adoctrinamiento\u00a0de sus militantes con la ideolog\u00eda promovida por el partido guinda.<\/p>\n<p style=\"text-align: justify;\">En la plataforma\u00a0<a href=\"http:\/\/morenflix.mx\/\">www.morenflix.mx<\/a>\u00a0se pueden ver videos sobre temas como el proyecto aeroportuario y la cancelaci\u00f3n del\u00a0Nuevo Aeropuerto\u00a0de la Ciudad de M\u00e9xico iniciado en Texcoco, los planes de vacunaci\u00f3n del Gobierno federal, la defensa de la soberan\u00eda ante la injerencia de la\u00a0DEA\u00a0y los rescates energ\u00e9ticos de\u00a0PEMEX\u00a0y la\u00a0CFE, entre otros.<\/p>\n<p style=\"text-align: justify;\">Adem\u00e1s de los videos de integrantes del\u00a0movimiento pol\u00edtico\u00a0como H\u00e9ctor D\u00edaz Polanco, Rafael Barajas \u201cEl Fisg\u00f3n\u201d, Lucio Oliver, Consuelo S\u00e1nchez, Jean Luc Melenchon, Paco Ignacio Taibo II, Pedro Miguel, Enrique Dusswel, Martha Lamas y otras personas afines al mandatario mexicano y el movimiento pol\u00edtico que deriv\u00f3 en la creaci\u00f3n de Morena.<\/p>\n<p style=\"text-align: justify;\">\u201cLo primero que me llama la atenci\u00f3n es que se autodenominan \u2018chairos\u2019, cu\u00e1ndo es un t\u00e9rmino que hist\u00f3ricamente, por lo menos en la historia reciente, desde que el Presidente est\u00e1 en el poder, no ha sido un t\u00e9rmino precisamente como muy apropiado por las personas afines a la\u00a04T\u201d, asegura\u00a0Enrique Ortega, consultor pol\u00edtico y CEO de\u00a0Lata de Ideas.<\/p>\n<p style=\"text-align: justify;\">Se lo apropian, lo utilizan y al final el t\u00e9rmino &#8216;chairo&#8217; es una manera, digamos, despectiva de propiamente llamarle a las personas que son afines a la 4T, de alg\u00fan modo es un poco lo mismo que cuando las personas que son afines a las 4T le dicen &#8216;fachos&#8217; a las personas que son totalmente anti4T o que tienen una ideolog\u00eda m\u00e1s bien de derecha. Creo que no les termina de quedar claro que el t\u00e9rmino es m\u00e1s bien peyorativo<\/p>\n<p style=\"text-align: justify;\">La plataforma Morenflix utiliza el lema \u201cComo Netflics pero en chairo\u201d para la publicaci\u00f3n de\u00a0contenidos\u00a0en video afines a la forma de pensar de Morena.<\/p>\n<p style=\"text-align: justify;\">Para Enrique Ortega, se trata de una herramienta de adoctrinamiento que complementa el trabajo del Instituto Nacional de Formaci\u00f3n Pol\u00edtica (INFP) de Morena. Critica que, por el contrario, otros\u00a0partidos pol\u00edticos\u00a0se hayan olvidado de estas posibilidades de adoctrinamiento.<\/p>\n<p style=\"text-align: justify;\">Ejemplifica que en el Partido Acci\u00f3n Nacional (PAN), que comenz\u00f3 con figuras como G\u00f3mez Mor\u00edn, ten\u00edan a mentes brillantes con una\u00a0ideolog\u00eda\u00a0bastante clara, cosa que hoy es inexistente en el planteamiento pol\u00edtico del partido blanquiazul.<\/p>\n<p style=\"text-align: justify;\">\u201cEn el PAN te encuentras\u00a0ideolog\u00eda\u00a0de\u00a0derecha\u00a0e\u00a0izquierda, no se terminan de poner de acuerdo todav\u00eda si est\u00e1n a favor o en contra del aborto, a pesar de que el PAN tiene ante los ojos de la sociedad una ideolog\u00eda de derecha, internamente no tienen ese adoctrinamiento a las personas y creo que Morena est\u00e1 haciendo una labor que dejaron de hacer todos los dem\u00e1s\u00a0partidos, creo que ah\u00ed es donde est\u00e1 lo valioso de este instituto\u201d, explica el especialista.<\/p>\n<p style=\"text-align: justify;\">Si algo ha hecho bien Morena en este sentido, seg\u00fan el experto Enrique Ortega, es ofrecer contenidos para todos aquellos que se sienten\u00a0identificados\u00a0con las pol\u00edticas p\u00fablicas propuestas por el partido en el Gobierno.<\/p>\n<p style=\"text-align: justify;\">\u201cMorena tiene una ideolog\u00eda y la gente conoce esa ideolog\u00eda y las personas van a entrar a ese instituto con la intenci\u00f3n evidentemente de formar parte de las filas de Morena, y luego tener puestos de\u00a0elecci\u00f3n popular. La intenci\u00f3n es que esa formaci\u00f3n, esa doctrina que les den de la ideolog\u00eda de Morena, la siembren en la gente con la que hablen\u201d, sentencia.<\/p>\n<p style=\"text-align: justify;\">El CEO de Lata de Ideas cuestiona que Morena no le da seguimiento a algunos de los proyectos, como sucedi\u00f3 con el v\u00ednculo de la\u00a0p\u00e1gina electr\u00f3nica\u00a0en la que se mont\u00f3 el Proyecto Alternativo de Naci\u00f3n cuyo v\u00ednculo est\u00e1 incluso en un libro de Andr\u00e9s Manuel L\u00f3pez Obrador y hoy es un sitio que oferta contenido pornogr\u00e1fico.<\/p>\n<p style=\"text-align: justify;\">Sin duda, las medidas de\u00a0ahorro presupuestal\u00a0conocido como \u201causteridad republicana\u201d presente en la\u00a0administraci\u00f3n federal\u00a0y seguida por Morena han impactado en la creaci\u00f3n de p\u00e1ginas electr\u00f3nicas de baja calidad.<\/p>\n<p style=\"text-align: justify;\"><em>Con informaci\u00f3n de Reporte \u00cdndigo<\/em>.<\/p>\n","protected":false},"excerpt":{"rendered":"","protected":false},"author":6,"featured_media":26258,"comment_status":"open","ping_status":"open","sticky":false,"template":"","format":"standard","meta":{"_acf_changed":false,"_monsterinsights_skip_tracking":false,"slim_seo":{"title":"El \u2018NETFLICS\u2019 de Morena, adoctrinamiento pol\u00edtico - Opini\u00f3n P\u00fablica","description":"Ciudad de M\u00e9xico .- El Instituto Nacional de Formaci\u00f3n Pol\u00edtica (INFP) de\u00a0Morena\u00a0tiene su plataforma de\u00a0videos\u00a0para el\u00a0adoctrinamiento\u00a0de sus militantes con la"},"footnotes":""},"categories":[11],"tags":[],"class_list":["post-26259","post","type-post","status-publish","format-standard","has-post-thumbnail","hentry","category-tendencias"],"acf":[],"_links":{"self":[{"href":"https:\/\/www.opinionpublica.tv\/portada\/wp-json\/wp\/v2\/posts\/26259","targetHints":{"allow":["GET"]}}],"collection":[{"href":"https:\/\/www.opinionpublica.tv\/portada\/wp-json\/wp\/v2\/posts"}],"about":[{"href":"https:\/\/www.opinionpublica.tv\/portada\/wp-json\/wp\/v2\/types\/post"}],"author":[{"embeddable":true,"href":"https:\/\/www.opinionpublica.tv\/portada\/wp-json\/wp\/v2\/users\/6"}],"replies":[{"embeddable":true,"href":"https:\/\/www.opinionpublica.tv\/portada\/wp-json\/wp\/v2\/comments?post=26259"}],"version-history":[{"count":0,"href":"https:\/\/www.opinionpublica.tv\/portada\/wp-json\/wp\/v2\/posts\/26259\/revisions"}],"wp:featuredmedia":[{"embeddable":true,"href":"https:\/\/www.opinionpublica.tv\/portada\/wp-json\/wp\/v2\/media\/26258"}],"wp:attachment":[{"href":"https:\/\/www.opinionpublica.tv\/portada\/wp-json\/wp\/v2\/media?parent=26259"}],"wp:term":[{"taxonomy":"category","embeddable":true,"href":"https:\/\/www.opinionpublica.tv\/portada\/wp-json\/wp\/v2\/categories?post=26259"},{"taxonomy":"post_tag","embeddable":true,"href":"https:\/\/www.opinionpublica.tv\/portada\/wp-json\/wp\/v2\/tags?post=26259"}],"curies":[{"name":"wp","href":"https:\/\/api.w.org\/{rel}","templated":true}]}}