{"id":26257,"date":"2021-03-29T07:00:00","date_gmt":"2021-03-29T05:00:00","guid":{"rendered":"https:\/\/www.opinionpublica.tv\/portada\/2021\/03\/29\/revela-mexico-que-el-numero-de-muertos-por-covid-19-es-60-mayor-a-las-cifras-oficiales\/"},"modified":"2021-03-29T07:00:00","modified_gmt":"2021-03-29T05:00:00","slug":"revela-mexico-que-el-numero-de-muertos-por-covid-19-es-60-mayor-a-las-cifras-oficiales","status":"publish","type":"post","link":"https:\/\/www.opinionpublica.tv\/portada\/revela-mexico-que-el-numero-de-muertos-por-covid-19-es-60-mayor-a-las-cifras-oficiales\/","title":{"rendered":"Revela M\u00e9xico que el n\u00famero de muertos por Covid-19 es 60% mayor a las cifras oficiales"},"content":{"rendered":"<p><img fetchpriority=\"high\" decoding=\"async\" class=\" size-full wp-image-26256\" src=\"https:\/\/www.opinionpublica.tv\/portada\/wp-content\/uploads\/2021\/03\/508050bc5eac3b807d5fa8da13caf391.jpg\" alt=\"\" class=\"caption\" title=\"El n\u00famero de muertos por Covid-19 supera los 321 mil, y no los  201 mil 429 casos oficiales.\" width=\"1024\" height=\"576\" srcset=\"https:\/\/www.opinionpublica.tv\/portada\/wp-content\/uploads\/2021\/03\/508050bc5eac3b807d5fa8da13caf391.jpg 1024w, https:\/\/www.opinionpublica.tv\/portada\/wp-content\/uploads\/2021\/03\/508050bc5eac3b807d5fa8da13caf391-300x169.jpg 300w, https:\/\/www.opinionpublica.tv\/portada\/wp-content\/uploads\/2021\/03\/508050bc5eac3b807d5fa8da13caf391-768x432.jpg 768w\" sizes=\"(max-width: 1024px) 100vw, 1024px\" \/><br \/>\n<!--more--><\/p>\n<p style=\"text-align: justify;\"><em>Ciudad de M\u00e9xico<\/em>.- El gobierno de M\u00e9xico public\u00f3 un informe que revela que el n\u00famero de muertos por Covid-19 en el pa\u00eds supera los 321 mil casos, en comparaci\u00f3n con el total de 201 mil 429 muertos reportados hasta el s\u00e1bado, lo que indicar\u00eda cerca de un 60% m\u00e1s que el n\u00famero oficialmente informado.<\/p>\n<p style=\"text-align: justify;\">Desde el inicio de la pandemia hasta el 14 de febrero de 2021, hubo 294 mil 287 muertes por Covid-19, seg\u00fan el nuevo informe.<\/p>\n<p style=\"text-align: justify;\">Desde entonces, del 15 de febrero hasta el s\u00e1bado, ha habido 27 mil 223 muertes adicionales por Covid-19 seg\u00fan un an\u00e1lisis de CNN de los datos del Ministerio de Salud.<\/p>\n<p style=\"text-align: justify;\">Para un total de m\u00e1s de 321 mil muertes por Covid-19, estas cifras reflejan que el n\u00famero de muertes por esta enfermedad en el pa\u00eds es casi un 60% m\u00e1s que el n\u00famero oficial.<\/p>\n<p style=\"text-align: justify;\">Seg\u00fan el informe, el exceso de muertes es de 417 mil desde el inicio de la pandemia y el 70,6% de ellas est\u00e1n relacionadas con Covid-19.<\/p>\n<p style=\"text-align: justify;\">El exceso de muertes est\u00e1 determinado por el n\u00famero de muertes observadas en comparaci\u00f3n con el n\u00famero de muertes esperadas con base en datos anteriores.<\/p>\n<p style=\"text-align: justify;\">Seg\u00fan los datos de este informe, el n\u00famero de fallecimientos de M\u00e9xico ser\u00eda superior al de Brasil y pondr\u00eda al pa\u00eds en el segundo lugar, despu\u00e9s de Estados Unidos.<\/p>\n<p style=\"text-align: justify;\"><em>Con informaci\u00f3n de CNN<\/em>.<\/p>\n","protected":false},"excerpt":{"rendered":"","protected":false},"author":6,"featured_media":26256,"comment_status":"open","ping_status":"open","sticky":false,"template":"","format":"standard","meta":{"_acf_changed":false,"_monsterinsights_skip_tracking":false,"slim_seo":{"title":"Revela M\u00e9xico que el n\u00famero de muertos por Covid-19 es 60% mayor a las cifras oficiales - Opini\u00f3n P\u00fablica","description":"Ciudad de M\u00e9xico .- El gobierno de M\u00e9xico public\u00f3 un informe que revela que el n\u00famero de muertos por Covid-19 en el pa\u00eds supera los 321 mil casos, en comparaci\u00f3"},"footnotes":""},"categories":[3],"tags":[],"class_list":["post-26257","post","type-post","status-publish","format-standard","has-post-thumbnail","hentry","category-principal"],"acf":[],"_links":{"self":[{"href":"https:\/\/www.opinionpublica.tv\/portada\/wp-json\/wp\/v2\/posts\/26257","targetHints":{"allow":["GET"]}}],"collection":[{"href":"https:\/\/www.opinionpublica.tv\/portada\/wp-json\/wp\/v2\/posts"}],"about":[{"href":"https:\/\/www.opinionpublica.tv\/portada\/wp-json\/wp\/v2\/types\/post"}],"author":[{"embeddable":true,"href":"https:\/\/www.opinionpublica.tv\/portada\/wp-json\/wp\/v2\/users\/6"}],"replies":[{"embeddable":true,"href":"https:\/\/www.opinionpublica.tv\/portada\/wp-json\/wp\/v2\/comments?post=26257"}],"version-history":[{"count":0,"href":"https:\/\/www.opinionpublica.tv\/portada\/wp-json\/wp\/v2\/posts\/26257\/revisions"}],"wp:featuredmedia":[{"embeddable":true,"href":"https:\/\/www.opinionpublica.tv\/portada\/wp-json\/wp\/v2\/media\/26256"}],"wp:attachment":[{"href":"https:\/\/www.opinionpublica.tv\/portada\/wp-json\/wp\/v2\/media?parent=26257"}],"wp:term":[{"taxonomy":"category","embeddable":true,"href":"https:\/\/www.opinionpublica.tv\/portada\/wp-json\/wp\/v2\/categories?post=26257"},{"taxonomy":"post_tag","embeddable":true,"href":"https:\/\/www.opinionpublica.tv\/portada\/wp-json\/wp\/v2\/tags?post=26257"}],"curies":[{"name":"wp","href":"https:\/\/api.w.org\/{rel}","templated":true}]}}