{"id":26195,"date":"2021-03-22T07:00:00","date_gmt":"2021-03-22T06:00:00","guid":{"rendered":"https:\/\/www.opinionpublica.tv\/portada\/2021\/03\/22\/morena-no-ha-renunciado-a-su-presupuesto-del-2021-ine\/"},"modified":"2021-03-22T07:00:00","modified_gmt":"2021-03-22T06:00:00","slug":"morena-no-ha-renunciado-a-su-presupuesto-del-2021-ine","status":"publish","type":"post","link":"https:\/\/www.opinionpublica.tv\/portada\/morena-no-ha-renunciado-a-su-presupuesto-del-2021-ine\/","title":{"rendered":"&#8216;Morena no ha renunciado a su presupuesto 2021\u2019: INE"},"content":{"rendered":"<p><img fetchpriority=\"high\" decoding=\"async\" class=\" size-full wp-image-26194\" src=\"https:\/\/www.opinionpublica.tv\/portada\/wp-content\/uploads\/2021\/03\/8490355b9a72d87bb2f3f4020e6fb6d2.jpg\" alt=\"\" class=\"caption\" title=\"Morena anunci\u00f3 desde 2020 que renunciar\u00eda a la mitad de su presupuesto, lo cual no ha ocurrido.\" width=\"275\" height=\"183\" \/><br \/>\n<!--more--><\/p>\n<p style=\"text-align: justify;\"><em>Ciudad de M\u00e9xico<\/em>.- El Instituto Nacional Electoral\u00a0(INE) inform\u00f3 que, hasta la fecha, Morena no ha solicitado\u00a0renunciar a las prerrogativas\u00a0que le corresponden durante el a\u00f1o en curso.<\/p>\n<p style=\"text-align: justify;\">En respuesta a una solicitud de informaci\u00f3n sobre el tema, formulada por el\u00a0representante del PAN ante el INE, V\u00edctor Hugo Sond\u00f3n Saavedra, el director ejecutivo de Prerrogativas y Partidos Pol\u00edticos del \u00f3rgano electoral, Patricio Ballados Villag\u00f3mez, puntualiz\u00f3 que \u201cel partido pol\u00edtico nacional\u00a0MORENA no ha solicitado renunciar\u00a0a monto alguno de su financiamiento p\u00fablico federal para el\u00a0ejercicio 2021\u201d.<\/p>\n<p style=\"text-align: justify;\">En la solicitud de informaci\u00f3n, fechada el pasado 17 de marzo, el representante panista ante el INE pregunt\u00f3 si Morena ha devuelto las prerrogativas que para el financiamiento de sus actividades recibe, o si ha solicitado alg\u00fan descuento de las mismas.<\/p>\n<p style=\"text-align: justify;\">Morena se comprometi\u00f3 a renunciar al 50 por ciento del presupuesto p\u00fablico que le corresponde para este a\u00f1o para destinar esos recursos a la compra de medicamentos contra la Covid-19.<\/p>\n","protected":false},"excerpt":{"rendered":"","protected":false},"author":6,"featured_media":26194,"comment_status":"open","ping_status":"open","sticky":false,"template":"","format":"standard","meta":{"_acf_changed":false,"_monsterinsights_skip_tracking":false,"slim_seo":{"title":"'Morena no ha renunciado a su presupuesto 2021\u2019: INE - Opini\u00f3n P\u00fablica","description":"Ciudad de M\u00e9xico .- El Instituto Nacional Electoral\u00a0(INE) inform\u00f3 que, hasta la fecha, Morena no ha solicitado\u00a0renunciar a las prerrogativas\u00a0que le corresponden"},"footnotes":""},"categories":[11],"tags":[],"class_list":["post-26195","post","type-post","status-publish","format-standard","has-post-thumbnail","hentry","category-tendencias"],"acf":[],"_links":{"self":[{"href":"https:\/\/www.opinionpublica.tv\/portada\/wp-json\/wp\/v2\/posts\/26195","targetHints":{"allow":["GET"]}}],"collection":[{"href":"https:\/\/www.opinionpublica.tv\/portada\/wp-json\/wp\/v2\/posts"}],"about":[{"href":"https:\/\/www.opinionpublica.tv\/portada\/wp-json\/wp\/v2\/types\/post"}],"author":[{"embeddable":true,"href":"https:\/\/www.opinionpublica.tv\/portada\/wp-json\/wp\/v2\/users\/6"}],"replies":[{"embeddable":true,"href":"https:\/\/www.opinionpublica.tv\/portada\/wp-json\/wp\/v2\/comments?post=26195"}],"version-history":[{"count":0,"href":"https:\/\/www.opinionpublica.tv\/portada\/wp-json\/wp\/v2\/posts\/26195\/revisions"}],"wp:featuredmedia":[{"embeddable":true,"href":"https:\/\/www.opinionpublica.tv\/portada\/wp-json\/wp\/v2\/media\/26194"}],"wp:attachment":[{"href":"https:\/\/www.opinionpublica.tv\/portada\/wp-json\/wp\/v2\/media?parent=26195"}],"wp:term":[{"taxonomy":"category","embeddable":true,"href":"https:\/\/www.opinionpublica.tv\/portada\/wp-json\/wp\/v2\/categories?post=26195"},{"taxonomy":"post_tag","embeddable":true,"href":"https:\/\/www.opinionpublica.tv\/portada\/wp-json\/wp\/v2\/tags?post=26195"}],"curies":[{"name":"wp","href":"https:\/\/api.w.org\/{rel}","templated":true}]}}