{"id":26187,"date":"2021-03-22T07:00:00","date_gmt":"2021-03-22T06:00:00","guid":{"rendered":"https:\/\/www.opinionpublica.tv\/portada\/2021\/03\/22\/la-pandemia-una-evaluacion-a-un-ano-de-distancia\/"},"modified":"2021-03-22T07:00:00","modified_gmt":"2021-03-22T06:00:00","slug":"la-pandemia-una-evaluacion-a-un-ano-de-distancia","status":"publish","type":"post","link":"https:\/\/www.opinionpublica.tv\/portada\/la-pandemia-una-evaluacion-a-un-ano-de-distancia\/","title":{"rendered":"La pandemia, una evaluaci\u00f3n a un a\u00f1o de distancia"},"content":{"rendered":"<img fetchpriority=\"high\" decoding=\"async\" class=\" size-full wp-image-26186\" src=\"https:\/\/www.opinionpublica.tv\/portada\/wp-content\/uploads\/2021\/03\/7846df96a6c23a1406bf079613b70162.jpg\" alt=\"\" class=\"caption\" title=\"Eduardo Borunda Escobedo.\" width=\"215\" height=\"241\" \/>\n<p style=\"text-align: justify;\">Hace un a\u00f1o la historia de la humanidad cambi\u00f3 de rumbo. Un tema de salud, una simple gripe, provoc\u00f3 un abrupto cambio en la vida del ser humano. Algunos incr\u00e9dulos pensaron que era cuesti\u00f3n de semanas mientras otros dec\u00edan que quiz\u00e1 un a\u00f1o, pero la realidad es que a\u00fan no hay una fecha sensible que podamos dar para declarar el fin de la pandemia del Covid \u2013 19. A un a\u00f1o de distancia debemos hacer una reflexi\u00f3n de lo que hoy es un tema diario en donde todo se movi\u00f3 con un destino que hoy sentimos como personas y donde han perdido la vida millones de seres humanos en todo el mundo.<\/p>\n<p><!--more--><\/p>\n<p style=\"text-align: justify;\">El principio de interconectividad es uno de los puntos a evaluar. Nos ha dolido en el alma la p\u00e9rdida de amigos, de conocidos, pero m\u00e1s nos duele la p\u00e9rdida de nuestros familiares. En un momento de este \u00faltimo a\u00f1o, vimos como la desesperaci\u00f3n de las personas en las redes sociales por que no sab\u00edan qu\u00e9 hacer cuando fueron diagnosticados como positivos a Covid \u2013 19. El aprendizaje fue lento, hubo que aprender y desaprender leyendas urbanas que se propagaron y causaron v\u00edctimas, producto de la ignorancia de algunos gobernantes que no cre\u00edan en el virus o por simple ignorancia humana.<\/p>\n<p style=\"text-align: justify;\">El Covid \u2013 19 es un tipo de virus que puede confundirse con la influenza, por ello se recomienda la ingesta de vitamina \u201cC\u201d. Los s\u00edntomas de una gripe son la temperatura, malestar generalizado, cansancio, sudoraci\u00f3n, dolor de cabeza, los s\u00edntomas de una simple gripe y que son similares al Covid &#8211; 19. El consejo es el mismo del a\u00f1o pasado, comer productos como las fresas, el lim\u00f3n, la naranja que son fuentes naturales de esta vitamina. Ojo, la vitamina \u201cC\u201d no se te va curar del Covid -19, pero puede ayudarte a que los s\u00edntomas sean menores o que definitivamente lo prevengas.<\/p>\n<p style=\"text-align: justify;\">El uso de \u201ccubrebocas\u201d se convirti\u00f3 en incertidumbre porque se debati\u00f3 si era prudente usarlo o no. El material con lo que deb\u00edamos usar o no, tambi\u00e9n era un tema, si eran quir\u00fargicos, si eran de KN \u2013 95, si eran los simples de tela, si eran los tradicionales blancos o naranjas. Un tema que ha predominado y que hoy ya entendieron la gran mayor\u00eda es que no s\u00f3lo es prudente usarlos, sino una obligaci\u00f3n de autocuidado y de respeto a otros. Las fotograf\u00edas y las \u201cself\u00edes\u201d no son ya iguales, la gran lecci\u00f3n es que la humanidad debe aprender de la historia y quedar\u00e1 registrado para que no se vuelva a repetir esta tragedia.<\/p>\n<p style=\"text-align: justify;\">\u00bfLa gripe se fue para siempre? \u00bfRecuerdas cu\u00e1ndo fue la \u00faltima vez que te dio gripe? Seg\u00fan datos de una revista m\u00e9dica de los Estados Unidos, la gripe com\u00fan y corriente disminuy\u00f3, quiz\u00e1 producto del aislamiento, la vacunaci\u00f3n masiva en contra de la influenza, el lavado constante de manos, el consumo de alimentos en vitamina \u201cC\u201d, los remedios caseros, un sin fin de causas como una constante de cambios en los estilos de vida. En mi caso, no recuerdo haberme resfriado, sent\u00ed ciertos s\u00edntomas, pero la verdad no llegu\u00e9 a tener una gripe como tal. \u00bfUsted tuvo gripe en el \u00faltimo a\u00f1o? El saldo final lo sabremos al finalizar la pandemia.<\/p>\n<p style=\"text-align: justify;\">Otro saldo ser\u00e1 la generaci\u00f3n de ni\u00f1os que nacieron en la pandemia. Los hospitales recib\u00edan a las madres en labor de parto y antes de entrar les hac\u00edan pruebas para prevenir que entraran con el Covid \u2013 19. Lo tormentoso fue que muchas de ellas salieron con sus beb\u00e9s en manos y con ellas el virus. Los hospitales se convirtieron en el principal centro de contagio, la recomendaci\u00f3n era no ir a los hospitales. Los ni\u00f1os de la pandemia son diferentes, han sido aislados de la sociedad, conviven dentro de las casas, pocas salidas, desconocen el mundo exterior, no han sido visitados por la gran mayor\u00eda de sus familias, son una generaci\u00f3n fuerte que ha sabido sobrevivir a la gran pandemia mundial.<\/p>\n<p style=\"text-align: justify;\">No aprendimos de la historia. A pesar de estar en los registros de la humanidad, las anteriores pandemias (regionales e internacionales) no aprendimos a confrontar r\u00e1pidamente una emergencia sanitaria. El contagio fue exponencial, no se tomaron las medidas adecuadas, no se invirti\u00f3 en educaci\u00f3n y salud, no hubo protocolos aceptados a nivel mundial y las recomendaciones de la Organizaci\u00f3n Mundial de la Salud (OMS) fueron ignoradas, combatidas e incluso contravenidas.<\/p>\n<p style=\"text-align: justify;\">Hoy la pandemia es combatida con un gran n\u00famero de vacunas, la ciencia avanz\u00f3 e hizo posible tener una vacuna en un tiempo r\u00e9cord. La luz al final del camino se ve m\u00e1s clara, aunque este a\u00f1o sea a\u00fan tormentoso para millones de seres humanos, se ve la esperanza de recuperar al ser social por naturaleza que habita entre nosotros. Debemos aprender la lecci\u00f3n, seguir cuid\u00e1ndonos y sacar lo mejor de nosotros\u2026 recordemos que todos estamos interconectados como un todo en el universo. Este es el saldo de una evaluaci\u00f3n de la pandemia.<\/p>\n<p style=\"text-align: justify;\">\u00a0<\/p>\n","protected":false},"excerpt":{"rendered":"<p>Hace un a\u00f1o la historia de la humanidad cambi\u00f3 de rumbo. Un tema de salud, una simple gripe, provoc\u00f3 un abrupto cambio en la vida del ser humano. Algunos incr\u00e9dulos pensaron que era cuesti\u00f3n de semanas mientras otros dec\u00edan que quiz\u00e1 un a\u00f1o, pero la realidad es que a\u00fan no hay una fecha sensible que [&hellip;]<\/p>\n","protected":false},"author":6,"featured_media":26186,"comment_status":"open","ping_status":"open","sticky":false,"template":"","format":"standard","meta":{"_acf_changed":false,"_monsterinsights_skip_tracking":false,"slim_seo":{"title":"La pandemia, una evaluaci\u00f3n a un a\u00f1o de distancia - Opini\u00f3n P\u00fablica","description":"Hace un a\u00f1o la historia de la humanidad cambi\u00f3 de rumbo. Un tema de salud, una simple gripe, provoc\u00f3 un abrupto cambio en la vida del ser humano. Algunos incr\u00e9d"},"footnotes":""},"categories":[31],"tags":[],"class_list":["post-26187","post","type-post","status-publish","format-standard","has-post-thumbnail","hentry","category-galimatias"],"acf":[],"_links":{"self":[{"href":"https:\/\/www.opinionpublica.tv\/portada\/wp-json\/wp\/v2\/posts\/26187","targetHints":{"allow":["GET"]}}],"collection":[{"href":"https:\/\/www.opinionpublica.tv\/portada\/wp-json\/wp\/v2\/posts"}],"about":[{"href":"https:\/\/www.opinionpublica.tv\/portada\/wp-json\/wp\/v2\/types\/post"}],"author":[{"embeddable":true,"href":"https:\/\/www.opinionpublica.tv\/portada\/wp-json\/wp\/v2\/users\/6"}],"replies":[{"embeddable":true,"href":"https:\/\/www.opinionpublica.tv\/portada\/wp-json\/wp\/v2\/comments?post=26187"}],"version-history":[{"count":0,"href":"https:\/\/www.opinionpublica.tv\/portada\/wp-json\/wp\/v2\/posts\/26187\/revisions"}],"wp:featuredmedia":[{"embeddable":true,"href":"https:\/\/www.opinionpublica.tv\/portada\/wp-json\/wp\/v2\/media\/26186"}],"wp:attachment":[{"href":"https:\/\/www.opinionpublica.tv\/portada\/wp-json\/wp\/v2\/media?parent=26187"}],"wp:term":[{"taxonomy":"category","embeddable":true,"href":"https:\/\/www.opinionpublica.tv\/portada\/wp-json\/wp\/v2\/categories?post=26187"},{"taxonomy":"post_tag","embeddable":true,"href":"https:\/\/www.opinionpublica.tv\/portada\/wp-json\/wp\/v2\/tags?post=26187"}],"curies":[{"name":"wp","href":"https:\/\/api.w.org\/{rel}","templated":true}]}}