{"id":26006,"date":"2021-03-01T07:00:00","date_gmt":"2021-03-01T06:00:00","guid":{"rendered":"https:\/\/www.opinionpublica.tv\/portada\/2021\/03\/01\/confirma-pvem-a-brenda-rios-para-gubernatura-de-chihuahua\/"},"modified":"2021-03-01T07:00:00","modified_gmt":"2021-03-01T06:00:00","slug":"confirma-pvem-a-brenda-rios-para-gubernatura-de-chihuahua","status":"publish","type":"post","link":"https:\/\/www.opinionpublica.tv\/portada\/confirma-pvem-a-brenda-rios-para-gubernatura-de-chihuahua\/","title":{"rendered":"Confirma PVEM a Brenda R\u00edos para Gubernatura de Chihuahua"},"content":{"rendered":"<p><img fetchpriority=\"high\" decoding=\"async\" class=\" size-full wp-image-26005\" src=\"https:\/\/www.opinionpublica.tv\/portada\/wp-content\/uploads\/2021\/03\/2c73b437e01c6c6457f20917ed079153.jpg\" alt=\"\" class=\"caption\" title=\"La ex diputada local Brenda R\u00edos ser\u00e1 la candidata del Verde a la Gubernatura de Chihuahua.\" width=\"1280\" height=\"652\" srcset=\"https:\/\/www.opinionpublica.tv\/portada\/wp-content\/uploads\/2021\/03\/2c73b437e01c6c6457f20917ed079153.jpg 1280w, https:\/\/www.opinionpublica.tv\/portada\/wp-content\/uploads\/2021\/03\/2c73b437e01c6c6457f20917ed079153-300x153.jpg 300w, https:\/\/www.opinionpublica.tv\/portada\/wp-content\/uploads\/2021\/03\/2c73b437e01c6c6457f20917ed079153-1024x522.jpg 1024w, https:\/\/www.opinionpublica.tv\/portada\/wp-content\/uploads\/2021\/03\/2c73b437e01c6c6457f20917ed079153-768x391.jpg 768w\" sizes=\"(max-width: 1280px) 100vw, 1280px\" \/><br \/>\n<!--more--><\/p>\n<p style=\"text-align: justify;\"><em>Ciudad de M\u00e9xico<\/em>.- El Partido Verde Ecologista de M\u00e9xico anunci\u00f3 que ser\u00e1 un liderazgo femenino quien encabece su proyecto rumbo a la gubernatura de Chihuahua, en el marco del proceso electoral 2020-2021. Se trata de Brenda Francisca R\u00edos Prieto, quien ha desempe\u00f1ado diversos cargos dentro del Comit\u00e9 Ejecutivo Estatal de Chihuahua y ha sido diputada de este partido en el Congreso local.\u00a0<\/p>\n<p style=\"text-align: justify;\">En el marco de una reuni\u00f3n, en la que estuvieron presentes la dirigente nacional, Karen Castrej\u00f3n Trujillo; los diputados federales y representantes del Comit\u00e9 Nacional de Elecciones, Arturo Escobar y Vega y Carlos Puente Salas; as\u00ed como la dirigente estatal Mar\u00eda \u00c1vila Serna, el Verde arrop\u00f3 a Brenda R\u00edos como su aspirante a candidata por el gobierno del estado.\u00a0<\/p>\n<p style=\"text-align: justify;\">\u201cSe trata de una mujer muy capaz, preparada, comprometida y con gran capacidad de liderazgo. Una chihuahuense que conoce su estado y las necesidades que hay en \u00e9l y que est\u00e1 decidida a dar su mayor esfuerzo en favor de este proyecto y de la entidad\u201d, se\u00f1al\u00f3 la dirigente nacional.\u00a0<\/p>\n<p style=\"text-align: justify;\">Por su parte, los titulares del Comit\u00e9 Nacional de Elecciones, Arturo Escobar y Vega y Carlos Puente Salas, coincidieron en que Brenda R\u00edos es el perfil id\u00f3neo para encabezar el proyecto del Partido Verde rumbo a la gubernatura de Chihuahua y reiteraron el respaldo de este instituto pol\u00edtico a la participaci\u00f3n y el liderazgo de las mujeres en la vida pol\u00edtica del pa\u00eds.\u00a0<\/p>\n<p style=\"text-align: justify;\">Finalmente, Karen Castrej\u00f3n asegur\u00f3 que el Verde est\u00e1 listo y m\u00e1s fuerte que nunca para seguir cumpliendo a los mexicanos y a este pa\u00eds que, hoy m\u00e1s que nunca, necesita de la uni\u00f3n y la solidaridad de todos.<\/p>\n<p style=\"text-align: justify;\">Cabe se\u00f1alar que, Brenda R\u00edos Prieto es licenciada en Administraci\u00f3n Industrial y Recursos Humanos, cuenta con una militancia de m\u00e1s de 18 a\u00f1os dentro del Partido Verde en Chihuahua, con cargos como l\u00edder de la juventud, Secretaria de Finanzas y Delegada Nacional de este instituto pol\u00edtico, fue diputada local en la 63 Legislatura del Congreso estatal y responsable de la delegaci\u00f3n federal de la Secretar\u00eda del Medio Ambiente y Recursos Naturales (Semarnat) en la entidad, durante seis a\u00f1os.<\/p>\n","protected":false},"excerpt":{"rendered":"","protected":false},"author":6,"featured_media":26005,"comment_status":"open","ping_status":"open","sticky":false,"template":"","format":"standard","meta":{"_acf_changed":false,"_monsterinsights_skip_tracking":false,"slim_seo":{"title":"Confirma PVEM a Brenda R\u00edos para Gubernatura de Chihuahua - Opini\u00f3n P\u00fablica","description":"Ciudad de M\u00e9xico .- El Partido Verde Ecologista de M\u00e9xico anunci\u00f3 que ser\u00e1 un liderazgo femenino quien encabece su proyecto rumbo a la gubernatura de Chihuahua,"},"footnotes":""},"categories":[4],"tags":[],"class_list":["post-26006","post","type-post","status-publish","format-standard","has-post-thumbnail","hentry","category-pulsopolitico"],"acf":[],"_links":{"self":[{"href":"https:\/\/www.opinionpublica.tv\/portada\/wp-json\/wp\/v2\/posts\/26006","targetHints":{"allow":["GET"]}}],"collection":[{"href":"https:\/\/www.opinionpublica.tv\/portada\/wp-json\/wp\/v2\/posts"}],"about":[{"href":"https:\/\/www.opinionpublica.tv\/portada\/wp-json\/wp\/v2\/types\/post"}],"author":[{"embeddable":true,"href":"https:\/\/www.opinionpublica.tv\/portada\/wp-json\/wp\/v2\/users\/6"}],"replies":[{"embeddable":true,"href":"https:\/\/www.opinionpublica.tv\/portada\/wp-json\/wp\/v2\/comments?post=26006"}],"version-history":[{"count":0,"href":"https:\/\/www.opinionpublica.tv\/portada\/wp-json\/wp\/v2\/posts\/26006\/revisions"}],"wp:featuredmedia":[{"embeddable":true,"href":"https:\/\/www.opinionpublica.tv\/portada\/wp-json\/wp\/v2\/media\/26005"}],"wp:attachment":[{"href":"https:\/\/www.opinionpublica.tv\/portada\/wp-json\/wp\/v2\/media?parent=26006"}],"wp:term":[{"taxonomy":"category","embeddable":true,"href":"https:\/\/www.opinionpublica.tv\/portada\/wp-json\/wp\/v2\/categories?post=26006"},{"taxonomy":"post_tag","embeddable":true,"href":"https:\/\/www.opinionpublica.tv\/portada\/wp-json\/wp\/v2\/tags?post=26006"}],"curies":[{"name":"wp","href":"https:\/\/api.w.org\/{rel}","templated":true}]}}