{"id":25992,"date":"2021-02-26T07:00:00","date_gmt":"2021-02-26T06:00:00","guid":{"rendered":"https:\/\/www.opinionpublica.tv\/portada\/2021\/02\/26\/vacunar\/"},"modified":"2021-02-26T07:00:00","modified_gmt":"2021-02-26T06:00:00","slug":"vacunar","status":"publish","type":"post","link":"https:\/\/www.opinionpublica.tv\/portada\/vacunar\/","title":{"rendered":"Vacunar"},"content":{"rendered":"<img fetchpriority=\"high\" decoding=\"async\" class=\" size-full wp-image-25991\" src=\"https:\/\/www.opinionpublica.tv\/portada\/wp-content\/uploads\/2021\/02\/d93ae86cd067f39aeaf9d9558d4cb282.jpg\" alt=\"\" class=\"caption\" title=\"Jos\u00e9 Woldenberg, acad\u00e9mico y primer presidente del IFE.\" width=\"270\" height=\"235\" \/>\n<p style=\"text-align: justify;\">Imaginemos que usted es el encargado de la construcci\u00f3n de una presa o de dise\u00f1ar una campa\u00f1a de alfabetizaci\u00f3n. Son tareas que requieren un cierto conocimiento pero que adem\u00e1s no son inaugurales, no son las primeras veces que se realizan, de tal suerte que existe una experiencia acumulada que le puede ser \u00fatil.<\/p>\n<p><!--more--><\/p>\n<p style=\"text-align: justify;\">Puede nutrirse de ella, aprender, ajustar, descartar, es decir, no tiene por qu\u00e9 empezar de cero como si fuera a descubrir la piedra filosofal, porque lo m\u00e1s probable es que acabe \u201crevelando\u201d el agua tibia.<\/p>\n<p style=\"text-align: justify;\">Cuando uno lee las declaraciones gubernamentales \u2014y sobre todo las de sus m\u00faltiples ecos\u2014 sobre la\u00a0campa\u00f1a de vacunaci\u00f3n\u00a0contra el\u00a0covid\u00a0parecer\u00eda que M\u00e9xico empieza a caminar por un sendero hasta hoy inexplorado. Se trata quiz\u00e1 de la\u00a0pol\u00edtica p\u00fablica\u00a0m\u00e1s relevante, necesaria y esperada, si es que aspiramos por un lado a salvar vidas y por el otro a frenar el desplome econ\u00f3mico y los impactos sociales que ha desencadenado la irrupci\u00f3n del covid. No es posible infravalorar el grado de dificultad de esa misi\u00f3n, ni su magnitud, ni el esfuerzo humano, financiero y de log\u00edstica que reclama.<br \/> Pero, caray, todo parece indicar que la larga y fruct\u00edfera experiencia que existe en M\u00e9xico sobre el tema ha sido borrada o minusvaluada (incluso profesionales de la salud que laboran en el actual gobierno y que en el pasado participaron en campa\u00f1as de vacunaci\u00f3n parece que no son tomados en cuenta). Y por eso el primer d\u00eda de vacunaci\u00f3n en la capital pareci\u00f3 que a los viejos se les trataba como conejillos de indias; se estaba experimentando con ellos. No en relaci\u00f3n a la vacuna que sin duda era \u00fatil y necesaria, sino en la f\u00f3rmula que los someti\u00f3 a una tortura innecesaria de 4, 5, 6 y hasta 7 horas de espera (por fortuna, luego se corrigi\u00f3, y despu\u00e9s las vacunas se acabaron y no alcanzaron para todos los mayores de 60 a\u00f1os de las tres alcald\u00edas).<\/p>\n<p style=\"text-align: justify;\">La historia de la vacunaci\u00f3n en M\u00e9xico est\u00e1 documentada. Por ejemplo: la vacuna contra la\u00a0viruela\u00a0se hizo obligatoria en 1926. Y hay otras fechas ic\u00f3nicas: desde 1948 se aplica la vacuna combinada contra la tosferina y difteria, desde 1956 contra la\u00a0poliomielitis\u00a0que en 1962 se vuelve oral, en 1971 la anti sarampi\u00f3n, en 1973 se crea el Programa Nacional de Inmunizaciones aplicando simult\u00e1neamente 5 vacunas contra 6 enfermedades (tuberculosis, poliomielitis, difteria, tosferina-t\u00e9tanos y sarampi\u00f3n), y en 1991 el\u00a0Programa de Vacunaci\u00f3n Universal; y no le sigo, porque la historia merecer\u00eda una enciclopedia, y lo \u00fanico que quiero subrayar es que M\u00e9xico cuenta con una amplia experiencia que no parece estar siendo recogida por las actuales autoridades.<\/p>\n<p style=\"text-align: justify;\">\u00bfO d\u00f3nde podemos leer el plan de vacunaci\u00f3n contra el covid? Por supuesto que lo primero es conseguir las vacunas, porque, as\u00ed como no se puede hacer caldo de gallina sin gallina, no hay campa\u00f1a de vacunaci\u00f3n sin vacunas. Y en ese rengl\u00f3n \u00bfno deber\u00edan ser p\u00fablicos los acuerdos con las diversas empresas, para conocer cu\u00e1ndo estar\u00e1n entre nosotros?<\/p>\n<p style=\"text-align: justify;\">\u00bfPero no deber\u00eda darse a conocer, adem\u00e1s \u2014no solo por la obligada transparencia sino para inyectar algunas certezas en el \u00e1nimo p\u00fablico\u2014 el esquema de vacunaci\u00f3n a seguir (sus fases, plazos, territorios, edades), su organizaci\u00f3n, log\u00edstica, los participantes y su conjunci\u00f3n, las mediciones peri\u00f3dicas de avances y obst\u00e1culos?, en fin, una gu\u00eda que emitiera alguna luz y algunas certezas ante el inmenso reto que significa lograr la inmunidad en un pa\u00eds como el nuestro.<\/p>\n<p style=\"text-align: justify;\">\u00a0<\/p>\n","protected":false},"excerpt":{"rendered":"<p>Imaginemos que usted es el encargado de la construcci\u00f3n de una presa o de dise\u00f1ar una campa\u00f1a de alfabetizaci\u00f3n. Son tareas que requieren un cierto conocimiento pero que adem\u00e1s no son inaugurales, no son las primeras veces que se realizan, de tal suerte que existe una experiencia acumulada que le puede ser \u00fatil.<\/p>\n","protected":false},"author":6,"featured_media":25991,"comment_status":"open","ping_status":"open","sticky":false,"template":"","format":"standard","meta":{"_acf_changed":false,"_monsterinsights_skip_tracking":false,"slim_seo":{"title":"Vacunar - Opini\u00f3n P\u00fablica","description":"Imaginemos que usted es el encargado de la construcci\u00f3n de una presa o de dise\u00f1ar una campa\u00f1a de alfabetizaci\u00f3n. Son tareas que requieren un cierto conocimiento"},"footnotes":""},"categories":[26],"tags":[],"class_list":["post-25992","post","type-post","status-publish","format-standard","has-post-thumbnail","hentry","category-de-chile-dulce-y-manteca-columna-invitada"],"acf":[],"_links":{"self":[{"href":"https:\/\/www.opinionpublica.tv\/portada\/wp-json\/wp\/v2\/posts\/25992","targetHints":{"allow":["GET"]}}],"collection":[{"href":"https:\/\/www.opinionpublica.tv\/portada\/wp-json\/wp\/v2\/posts"}],"about":[{"href":"https:\/\/www.opinionpublica.tv\/portada\/wp-json\/wp\/v2\/types\/post"}],"author":[{"embeddable":true,"href":"https:\/\/www.opinionpublica.tv\/portada\/wp-json\/wp\/v2\/users\/6"}],"replies":[{"embeddable":true,"href":"https:\/\/www.opinionpublica.tv\/portada\/wp-json\/wp\/v2\/comments?post=25992"}],"version-history":[{"count":0,"href":"https:\/\/www.opinionpublica.tv\/portada\/wp-json\/wp\/v2\/posts\/25992\/revisions"}],"wp:featuredmedia":[{"embeddable":true,"href":"https:\/\/www.opinionpublica.tv\/portada\/wp-json\/wp\/v2\/media\/25991"}],"wp:attachment":[{"href":"https:\/\/www.opinionpublica.tv\/portada\/wp-json\/wp\/v2\/media?parent=25992"}],"wp:term":[{"taxonomy":"category","embeddable":true,"href":"https:\/\/www.opinionpublica.tv\/portada\/wp-json\/wp\/v2\/categories?post=25992"},{"taxonomy":"post_tag","embeddable":true,"href":"https:\/\/www.opinionpublica.tv\/portada\/wp-json\/wp\/v2\/tags?post=25992"}],"curies":[{"name":"wp","href":"https:\/\/api.w.org\/{rel}","templated":true}]}}