{"id":25952,"date":"2021-02-23T07:00:00","date_gmt":"2021-02-23T06:00:00","guid":{"rendered":"https:\/\/www.opinionpublica.tv\/portada\/2021\/02\/23\/corral-le-toma-la-palabra-a-amlo-para-blindar-el-proceso-electoral\/"},"modified":"2021-02-23T07:00:00","modified_gmt":"2021-02-23T06:00:00","slug":"corral-le-toma-la-palabra-a-amlo-para-blindar-el-proceso-electoral","status":"publish","type":"post","link":"https:\/\/www.opinionpublica.tv\/portada\/corral-le-toma-la-palabra-a-amlo-para-blindar-el-proceso-electoral\/","title":{"rendered":"&#8216;Chihuahua le toma la palabra a L\u00f3pez Obrador para blindar el proceso electoral&#8217;: Corral"},"content":{"rendered":"<p><img fetchpriority=\"high\" decoding=\"async\" class=\" size-full wp-image-25951\" src=\"https:\/\/www.opinionpublica.tv\/portada\/wp-content\/uploads\/2021\/02\/38faaab046c8b532248ae21fbb6c8694.jpg\" alt=\"\" class=\"caption\" title=\"Javier Corral Jurado, gobernador de Chihuahua.\" width=\"1600\" height=\"1064\" srcset=\"https:\/\/www.opinionpublica.tv\/portada\/wp-content\/uploads\/2021\/02\/38faaab046c8b532248ae21fbb6c8694.jpg 1600w, https:\/\/www.opinionpublica.tv\/portada\/wp-content\/uploads\/2021\/02\/38faaab046c8b532248ae21fbb6c8694-300x200.jpg 300w, https:\/\/www.opinionpublica.tv\/portada\/wp-content\/uploads\/2021\/02\/38faaab046c8b532248ae21fbb6c8694-1024x681.jpg 1024w, https:\/\/www.opinionpublica.tv\/portada\/wp-content\/uploads\/2021\/02\/38faaab046c8b532248ae21fbb6c8694-768x511.jpg 768w, https:\/\/www.opinionpublica.tv\/portada\/wp-content\/uploads\/2021\/02\/38faaab046c8b532248ae21fbb6c8694-1536x1021.jpg 1536w\" sizes=\"(max-width: 1600px) 100vw, 1600px\" \/><br \/>\n<!--more--><\/p>\n<p style=\"text-align: justify;\"><em>Chihuahua, Chih<\/em>.- El Estado de Chihuahua le toma la palabra al presidente Andr\u00e9s Manuel L\u00f3pez Obrador, en su iniciativa de blindar los procesos electorales y entrar a un pacto de neutralidad pol\u00edtica y transparencia en el ejercicio de los recursos p\u00fablicos durante las campa\u00f1as, dio a conocer el gobernador Javier Corral.<\/p>\n<p style=\"text-align: justify;\">Aunado a la iniciativa presidencial, el titular del Ejecutivo estatal propuso que los estados y el propio Gobierno de la Rep\u00fablica transparenten todos los recursos p\u00fablicos, programa por programa, partida por partida.<\/p>\n<p style=\"text-align: justify;\">Dijo que incluso, Chihuahua puede abrir toda su contabilidad y presupuesto, pero obviamente, se pedir\u00eda lo mismo de la Federaci\u00f3n.<\/p>\n<p style=\"text-align: justify;\">\u201cEstaremos de acuerdo en toda iniciativa que busque blindar los procesos electorales, de influencias e intromisiones indebidas o lo que es peor, del uso ilegal e ileg\u00edtimo de recursos p\u00fablicos en apoyo de campa\u00f1as electorales\u201d, expres\u00f3.<\/p>\n<p style=\"text-align: justify;\">En su conferencia matutina de hoy, el presidente Andr\u00e9s Manuel L\u00f3pez Obrador propuso a los gobernadores de los 31 estados del pa\u00eds y a la jefa de Gobierno de la Ciudad de M\u00e9xico, un acuerdo nacional en favor de la democracia, de cara a las elecciones del pr\u00f3ximo 6 de junio.<\/p>\n<p style=\"text-align: justify;\">L\u00f3pez Obrador invit\u00f3 a los mandatarios a no intervenir con apoyos a candidatos, no permitir que se emplee el presupuesto p\u00fablico con fines electorales, denunciar la entrega de dinero il\u00edcito, impedir la compra de lealtades o conciencias, no traficar con la pobreza de la gente y evitar el acarreo relleno de urnas.<\/p>\n<p style=\"text-align: justify;\">\u201cLa respuesta es clara, directa y contundente: Chihuahua le entra, y estamos listos para trabajar con el Presidente en el acuerdo nacional; estamos listos para ese pacto\u201d, sostuvo al respecto Corral.<\/p>\n<p style=\"text-align: justify;\">\u201cChihuahua acepta, nosotros gustosos le entramos a un pacto por la neutralidad pol\u00edtica y la transparencia en el ejercicio de los recursos p\u00fablicos\u00a0\u00a0durante las campa\u00f1as\u201d, agreg\u00f3.<\/p>\n<p style=\"text-align: justify;\">Corral enfatiz\u00f3 que espera se pueda construir un acuerdo y un pacto que obligue no solamente a los gobiernos de los estados, sino particularmente al Gobierno Federal, en \u00e1mbitos que a veces no son tan visibles en t\u00e9rminos de la conducta de un gobierno.<\/p>\n","protected":false},"excerpt":{"rendered":"","protected":false},"author":6,"featured_media":25951,"comment_status":"open","ping_status":"open","sticky":false,"template":"","format":"standard","meta":{"_acf_changed":false,"_monsterinsights_skip_tracking":false,"_monsterinsights_sitenote_active":false,"_monsterinsights_sitenote_note":"","_monsterinsights_sitenote_category":0,"slim_seo":{"title":"'Chihuahua le toma la palabra a L\u00f3pez Obrador para blindar el proceso electoral': Corral - Opini\u00f3n P\u00fablica","description":"Chihuahua, Chih .- El Estado de Chihuahua le toma la palabra al presidente Andr\u00e9s Manuel L\u00f3pez Obrador, en su iniciativa de blindar los procesos electorales y e"},"footnotes":""},"categories":[11],"tags":[],"class_list":["post-25952","post","type-post","status-publish","format-standard","has-post-thumbnail","hentry","category-tendencias"],"acf":[],"_links":{"self":[{"href":"https:\/\/www.opinionpublica.tv\/portada\/wp-json\/wp\/v2\/posts\/25952","targetHints":{"allow":["GET"]}}],"collection":[{"href":"https:\/\/www.opinionpublica.tv\/portada\/wp-json\/wp\/v2\/posts"}],"about":[{"href":"https:\/\/www.opinionpublica.tv\/portada\/wp-json\/wp\/v2\/types\/post"}],"author":[{"embeddable":true,"href":"https:\/\/www.opinionpublica.tv\/portada\/wp-json\/wp\/v2\/users\/6"}],"replies":[{"embeddable":true,"href":"https:\/\/www.opinionpublica.tv\/portada\/wp-json\/wp\/v2\/comments?post=25952"}],"version-history":[{"count":0,"href":"https:\/\/www.opinionpublica.tv\/portada\/wp-json\/wp\/v2\/posts\/25952\/revisions"}],"wp:featuredmedia":[{"embeddable":true,"href":"https:\/\/www.opinionpublica.tv\/portada\/wp-json\/wp\/v2\/media\/25951"}],"wp:attachment":[{"href":"https:\/\/www.opinionpublica.tv\/portada\/wp-json\/wp\/v2\/media?parent=25952"}],"wp:term":[{"taxonomy":"category","embeddable":true,"href":"https:\/\/www.opinionpublica.tv\/portada\/wp-json\/wp\/v2\/categories?post=25952"},{"taxonomy":"post_tag","embeddable":true,"href":"https:\/\/www.opinionpublica.tv\/portada\/wp-json\/wp\/v2\/tags?post=25952"}],"curies":[{"name":"wp","href":"https:\/\/api.w.org\/{rel}","templated":true}]}}