{"id":25950,"date":"2021-02-23T07:00:00","date_gmt":"2021-02-23T06:00:00","guid":{"rendered":"https:\/\/www.opinionpublica.tv\/portada\/2021\/02\/23\/gobierno-federal-incumple-austeridad-gasto-cuatro-veces-mas\/"},"modified":"2021-02-23T07:00:00","modified_gmt":"2021-02-23T06:00:00","slug":"gobierno-federal-incumple-austeridad-gasto-cuatro-veces-mas","status":"publish","type":"post","link":"https:\/\/www.opinionpublica.tv\/portada\/gobierno-federal-incumple-austeridad-gasto-cuatro-veces-mas\/","title":{"rendered":"Gobierno federal incumpli\u00f3 su decreto austeridad y gast\u00f3 hasta cuatro veces m\u00e1s"},"content":{"rendered":"<p><img fetchpriority=\"high\" decoding=\"async\" class=\" size-full wp-image-25949\" src=\"https:\/\/www.opinionpublica.tv\/portada\/wp-content\/uploads\/2021\/02\/02389b6d58277031135ceb62e0237525.jpg\" alt=\"\" class=\"caption\" title=\"El gobierno de L\u00f3pez Obrador no cumpli\u00f3 su decreto de austeridad y se excedi\u00f3 en el gasto p\u00fablico.\" width=\"275\" height=\"183\" \/><br \/>\n<!--more--><\/p>\n<p style=\"text-align: justify;\"><em>Ciudad de M\u00e9xico<\/em>.- La meta que plante\u00f3 el Gobierno federal en su Decreto de Austeridad no se cumpli\u00f3, ya que seg\u00fan datos oficiales consignados en Transparencia Presupuestaria, uno de los objetivos del decreto emitido en abril de 2020 fue no ejercer 75 por ciento del presupuesto de las partidas denominadas Servicios Generales y Materiales y Suministros.<\/p>\n<p style=\"text-align: justify;\">Si se hubiera cumplido, el gasto en esas partidas deb\u00eda sumar 166 mil millones de pesos, pero finalmente se erogaron 672 mil 534 millones de pesos, seg\u00fan lo consigna el sitio del propio Gobierno.<\/p>\n<p style=\"text-align: justify;\">Incluso ese monto fue superior a los 666 mil 613 millones presupuestados originalmente para esas partidas.<\/p>\n<p style=\"text-align: justify;\">Ante la pandemia de Covid-19, el decreto establec\u00eda que los ahorros deb\u00edan lograrse principalmente en la n\u00f3mina, porque dentro de los servicios generales se consideran los servicios de subcontrataci\u00f3n.<\/p>\n<p style=\"text-align: justify;\">Pero tambi\u00e9n en materiales de oficina, limpieza y servicios de agua, electricidad e internet, as\u00ed como en materiales de construcci\u00f3n o productos alimenticios.<\/p>\n<p style=\"text-align: justify;\">Sin embargo, en ninguno de esos rubros se pudo contener el gasto y pas\u00f3 todo lo contrario.<\/p>\n<p style=\"text-align: justify;\">Dentro de Servicios Generales el gasto se increment\u00f3 en subcontrataci\u00f3n, con un 26 por ciento arriba de lo aprobado, lo que implic\u00f3 7 mil 565 millones de pesos m\u00e1s.<\/p>\n<p style=\"text-align: justify;\">Destaca tambi\u00e9n un exceso de gasto en energ\u00eda el\u00e9ctrica por 3 mil 508 millones de pesos, 37 por ciento m\u00e1s de lo inicialmente presupuestado.<\/p>\n<p style=\"text-align: justify;\">En el cap\u00edtulo de Materiales y Suministros, los incrementos se reflejan en 255 millones en fertilizantes, pesticidas y otros agroqu\u00edmicos y mil 27 millones de pesos extra a los presupuestados en material impreso e informaci\u00f3n digital.<\/p>\n<p style=\"text-align: justify;\">Adem\u00e1s, se gastaron 292 millones adicionales al presupuesto en arrendamiento o instalaci\u00f3n de equipos m\u00e9dicos y de laboratorio en Servicios Generales.<\/p>\n<p style=\"text-align: justify;\">El gasto en Servicios de dise\u00f1o, arquitectura, ingenier\u00eda y similares creci\u00f3 en 153 millones y el Arrendamiento de veh\u00edculos para programas de seguridad p\u00fablica y nacional creci\u00f3 en 62.7 millones.<\/p>\n<p style=\"text-align: justify;\">Los aumentos en materiales y servicios m\u00e9dicos para atender la pandemia fueron limitados. Se registraron 8 mil 75 millones extras o 9 por ciento adicional a lo presupuestado en materiales y m\u00e9dicos, medicinas y materiales de laboratorios.<\/p>\n<p style=\"text-align: justify;\">En total, el gasto en las dos partidas mencionadas en el decreto result\u00f3 superior en 5 mil 920 millones a lo aprobado inicialmente por el Congreso antes de la pandemia. (Reforma)<\/p>\n","protected":false},"excerpt":{"rendered":"","protected":false},"author":6,"featured_media":25949,"comment_status":"open","ping_status":"open","sticky":false,"template":"","format":"standard","meta":{"_acf_changed":false,"_monsterinsights_skip_tracking":false,"_monsterinsights_sitenote_active":false,"_monsterinsights_sitenote_note":"","_monsterinsights_sitenote_category":0,"slim_seo":{"title":"Gobierno federal incumpli\u00f3 su decreto austeridad y gast\u00f3 hasta cuatro veces m\u00e1s - Opini\u00f3n P\u00fablica","description":"Ciudad de M\u00e9xico .- La meta que plante\u00f3 el Gobierno federal en su Decreto de Austeridad no se cumpli\u00f3, ya que seg\u00fan datos oficiales consignados en Transparencia"},"footnotes":""},"categories":[11],"tags":[],"class_list":["post-25950","post","type-post","status-publish","format-standard","has-post-thumbnail","hentry","category-tendencias"],"acf":[],"_links":{"self":[{"href":"https:\/\/www.opinionpublica.tv\/portada\/wp-json\/wp\/v2\/posts\/25950","targetHints":{"allow":["GET"]}}],"collection":[{"href":"https:\/\/www.opinionpublica.tv\/portada\/wp-json\/wp\/v2\/posts"}],"about":[{"href":"https:\/\/www.opinionpublica.tv\/portada\/wp-json\/wp\/v2\/types\/post"}],"author":[{"embeddable":true,"href":"https:\/\/www.opinionpublica.tv\/portada\/wp-json\/wp\/v2\/users\/6"}],"replies":[{"embeddable":true,"href":"https:\/\/www.opinionpublica.tv\/portada\/wp-json\/wp\/v2\/comments?post=25950"}],"version-history":[{"count":0,"href":"https:\/\/www.opinionpublica.tv\/portada\/wp-json\/wp\/v2\/posts\/25950\/revisions"}],"wp:featuredmedia":[{"embeddable":true,"href":"https:\/\/www.opinionpublica.tv\/portada\/wp-json\/wp\/v2\/media\/25949"}],"wp:attachment":[{"href":"https:\/\/www.opinionpublica.tv\/portada\/wp-json\/wp\/v2\/media?parent=25950"}],"wp:term":[{"taxonomy":"category","embeddable":true,"href":"https:\/\/www.opinionpublica.tv\/portada\/wp-json\/wp\/v2\/categories?post=25950"},{"taxonomy":"post_tag","embeddable":true,"href":"https:\/\/www.opinionpublica.tv\/portada\/wp-json\/wp\/v2\/tags?post=25950"}],"curies":[{"name":"wp","href":"https:\/\/api.w.org\/{rel}","templated":true}]}}