{"id":25940,"date":"2021-02-23T07:00:00","date_gmt":"2021-02-23T06:00:00","guid":{"rendered":"https:\/\/www.opinionpublica.tv\/portada\/2021\/02\/23\/rebasa-estados-unidos-el-medio-millon-de-fallecidos-por-covid\/"},"modified":"2021-02-23T07:00:00","modified_gmt":"2021-02-23T06:00:00","slug":"rebasa-estados-unidos-el-medio-millon-de-fallecidos-por-covid","status":"publish","type":"post","link":"https:\/\/www.opinionpublica.tv\/portada\/rebasa-estados-unidos-el-medio-millon-de-fallecidos-por-covid\/","title":{"rendered":"Alcanza Estados Unidos 500 mil muertos por Covid-19"},"content":{"rendered":"<p><img fetchpriority=\"high\" decoding=\"async\" class=\" size-full wp-image-25939\" src=\"https:\/\/www.opinionpublica.tv\/portada\/wp-content\/uploads\/2021\/02\/eb3f41b6e5b4c6ec777a389b4f335141.jpg\" alt=\"\" class=\"caption\" title=\"Con 500 mil muertos, EU sigue siendo el pa\u00eds m\u00e1s afectado del mundo por esta pandemia.\" width=\"600\" height=\"400\" srcset=\"https:\/\/www.opinionpublica.tv\/portada\/wp-content\/uploads\/2021\/02\/eb3f41b6e5b4c6ec777a389b4f335141.jpg 600w, https:\/\/www.opinionpublica.tv\/portada\/wp-content\/uploads\/2021\/02\/eb3f41b6e5b4c6ec777a389b4f335141-300x200.jpg 300w\" sizes=\"(max-width: 600px) 100vw, 600px\" \/><br \/>\n<!--more--><\/p>\n<p style=\"text-align: justify;\"><em>Nueva York, EU<\/em>.- Estados Unidos super\u00f3 las 500 mil muertes a causa del\u00a0coronavirus, a menos de un a\u00f1o de que se produjera el primer fallecimiento oficial por el virus en el pa\u00eds, seg\u00fan\u00a0cifras de la universidad Johns Hopkins.<\/p>\n<p style=\"text-align: justify;\">Con estos n\u00fameros, Estados Unidos sigue siendo el pa\u00eds m\u00e1s afectado del mundo por esta pandemia.<\/p>\n<p style=\"text-align: justify;\">Adem\u00e1s, se prev\u00e9 que otros 91,000 estadounidenses mueran a causa del covid-19 para el 1 de junio, seg\u00fan el Instituto de M\u00e9tricas y Evaluaci\u00f3n de la Salud de la Universidad de Washington, citados por CNN.<\/p>\n<p style=\"text-align: justify;\">\u00abEs terrible, es horrible\u00bb, reaccion\u00f3 el domingo el inmun\u00f3logo Anthony Fauci, consejero de\u00a0Joe Biden.<\/p>\n<p style=\"text-align: justify;\">\u00abNo vimos nada parecido desde hace 100 a\u00f1os, desde la pandemia de 1918\u00bb, dijo en CNN. \u00abEs algo que quedar\u00e1 en la Historia. En d\u00e9cadas, las personas todav\u00eda hablar\u00e1n de este momento en el que tanta gente muri\u00f3\u00bb.<\/p>\n<p style=\"text-align: justify;\">Fauci adem\u00e1s indic\u00f3 que el pa\u00eds no empezar\u00e1 a ver\u00a0\u00abun grado significativo de normalidad\u00bb\u00a0hasta finales de a\u00f1o y consider\u00f3 que los estadounidenses deber\u00e1n llevar m\u00e1scara incluso en 2022.<\/p>\n<p style=\"text-align: justify;\">El primer fallecido por covid-19 en Estados Unidos fue anunciado hace un a\u00f1o, el 29 de febrero de 2020.<\/p>\n<p style=\"text-align: justify;\">En enero Estados Unidos lleg\u00f3 a 400,000 fallecidos.<\/p>\n<p style=\"text-align: justify;\">M\u00e1s que en la Segunda Guerra Mundial<\/p>\n<p style=\"text-align: justify;\">\u00ab\u00a1500,000! Son 70,000 (personas) m\u00e1s que todos los estadounidenses muertos durante la Segunda Guerra Mundial, en un per\u00edodo de cuatro a\u00f1os\u00bb, lament\u00f3 el viernes el presidente Joe Biden. \u00abToda esta amargura&#8230; toda esta pena&#8230; todo este dolor\u00bb, remat\u00f3.<\/p>\n<p style=\"text-align: justify;\">En un discurso en una f\u00e1brica de vacunas de Pfizer en Kalamazoo, Michigan, el cuadrag\u00e9simo sexto presidente de Estados Unidos destac\u00f3 que el ritmo de vacunaci\u00f3n arroja algo de esperanza.<\/p>\n<p style=\"text-align: justify;\">\u00abCreo que nos acercaremos a la normalidad de aqu\u00ed a final de este a\u00f1o. Si Dios quiere, esta Navidad ser\u00e1 diferente de la anterior\u00bb, sostuvo.<\/p>\n<p style=\"text-align: justify;\">Con una media de 1.7 millones de vacunas inoculadas cada d\u00eda, cifra que deber\u00eda aumentar en las pr\u00f3ximas semanas, Biden se mostr\u00f3 confiado en alcanzar 600 millones de dosis -es decir vacunar a toda la poblaci\u00f3n- para fines de julio.<\/p>\n<p style=\"text-align: justify;\">Adem\u00e1s, luego de un pico epid\u00e9mico en enero, la media semanal de muertos y nuevos casos est\u00e1 en claro descenso, seg\u00fan datos del Covid Tracking Project.<\/p>\n<p style=\"text-align: justify;\">La actual ola de fr\u00edo polar y tormentas de nieve en el pa\u00eds hicieron frenaron la campa\u00f1a de vacunaci\u00f3n en todos los estados, dijo el viernes Andy Slavitt, consejero de la Casa Blanca contra el coronavirus.<\/p>\n<p style=\"text-align: justify;\">\u00abNo hubo jam\u00e1s, jam\u00e1s, jam\u00e1s un desaf\u00edo log\u00edstico m\u00e1s grande que el que tratamos de completar, pero lo estamos logrando\u00bb, esgrimi\u00f3 Biden.<\/p>\n<p style=\"text-align: justify;\">Fauci insiste sobre la importancia de vacunar \u00ablo m\u00e1s r\u00e1pido posible\u00bb. (Univision)<\/p>\n","protected":false},"excerpt":{"rendered":"","protected":false},"author":6,"featured_media":25939,"comment_status":"open","ping_status":"open","sticky":false,"template":"","format":"standard","meta":{"_acf_changed":false,"_monsterinsights_skip_tracking":false,"_monsterinsights_sitenote_active":false,"_monsterinsights_sitenote_note":"","_monsterinsights_sitenote_category":0,"slim_seo":{"title":"Alcanza Estados Unidos 500 mil muertos por Covid-19 - Opini\u00f3n P\u00fablica","description":"Nueva York, EU .- Estados Unidos super\u00f3 las 500 mil muertes a causa del\u00a0coronavirus, a menos de un a\u00f1o de que se produjera el primer fallecimiento oficial por e"},"footnotes":""},"categories":[11],"tags":[],"class_list":["post-25940","post","type-post","status-publish","format-standard","has-post-thumbnail","hentry","category-tendencias"],"acf":[],"_links":{"self":[{"href":"https:\/\/www.opinionpublica.tv\/portada\/wp-json\/wp\/v2\/posts\/25940","targetHints":{"allow":["GET"]}}],"collection":[{"href":"https:\/\/www.opinionpublica.tv\/portada\/wp-json\/wp\/v2\/posts"}],"about":[{"href":"https:\/\/www.opinionpublica.tv\/portada\/wp-json\/wp\/v2\/types\/post"}],"author":[{"embeddable":true,"href":"https:\/\/www.opinionpublica.tv\/portada\/wp-json\/wp\/v2\/users\/6"}],"replies":[{"embeddable":true,"href":"https:\/\/www.opinionpublica.tv\/portada\/wp-json\/wp\/v2\/comments?post=25940"}],"version-history":[{"count":0,"href":"https:\/\/www.opinionpublica.tv\/portada\/wp-json\/wp\/v2\/posts\/25940\/revisions"}],"wp:featuredmedia":[{"embeddable":true,"href":"https:\/\/www.opinionpublica.tv\/portada\/wp-json\/wp\/v2\/media\/25939"}],"wp:attachment":[{"href":"https:\/\/www.opinionpublica.tv\/portada\/wp-json\/wp\/v2\/media?parent=25940"}],"wp:term":[{"taxonomy":"category","embeddable":true,"href":"https:\/\/www.opinionpublica.tv\/portada\/wp-json\/wp\/v2\/categories?post=25940"},{"taxonomy":"post_tag","embeddable":true,"href":"https:\/\/www.opinionpublica.tv\/portada\/wp-json\/wp\/v2\/tags?post=25940"}],"curies":[{"name":"wp","href":"https:\/\/api.w.org\/{rel}","templated":true}]}}