{"id":25936,"date":"2021-02-23T07:00:00","date_gmt":"2021-02-23T06:00:00","guid":{"rendered":"https:\/\/www.opinionpublica.tv\/portada\/2021\/02\/23\/efemerides-23-de-febrero-2\/"},"modified":"2021-02-23T07:00:00","modified_gmt":"2021-02-23T06:00:00","slug":"efemerides-23-de-febrero-2","status":"publish","type":"post","link":"https:\/\/www.opinionpublica.tv\/portada\/efemerides-23-de-febrero-2\/","title":{"rendered":"Efem\u00e9rides 23 de febrero"},"content":{"rendered":"<img fetchpriority=\"high\" decoding=\"async\" class=\" size-full wp-image-25935\" src=\"https:\/\/www.opinionpublica.tv\/portada\/wp-content\/uploads\/2021\/02\/0e83cbc498405af72bf8c81503003bcb.jpg\" alt=\"\" class=\"caption\" title=\"El teniente coronel Antonio Tejero Molina ecabez\u00f3 el intento de golpe de Estado en Espa\u00f1a.\" width=\"948\" height=\"465\" srcset=\"https:\/\/www.opinionpublica.tv\/portada\/wp-content\/uploads\/2021\/02\/0e83cbc498405af72bf8c81503003bcb.jpg 948w, https:\/\/www.opinionpublica.tv\/portada\/wp-content\/uploads\/2021\/02\/0e83cbc498405af72bf8c81503003bcb-300x147.jpg 300w, https:\/\/www.opinionpublica.tv\/portada\/wp-content\/uploads\/2021\/02\/0e83cbc498405af72bf8c81503003bcb-768x377.jpg 768w\" sizes=\"(max-width: 948px) 100vw, 948px\" \/>\n<p style=\"text-align: justify;\">Un d\u00eda 23 de febrero como hoy, pero de 1981, se registra un intento de golpe de Estado en Espa\u00f1a: 200 guardias civiles, al mando del teniente coronel Antonio Tejero Molina, irrumpen en el Congreso de los Diputados durante la votaci\u00f3n de investidura de Leopoldo Calvo-Sotelo como presidente del Gobierno y mantienen secuestrados a los diputados m\u00e1s de 20 horas.<\/p>\n<p><!--more--><\/p>\n<p style=\"text-align: justify;\"><strong>M\u00e1s efem\u00e9rides<\/strong><\/p>\n<p style=\"text-align: justify;\">1535.- Tom\u00e1s de Berlanga, obispo de Castilla del Oro, descubre las islas Gal\u00e1pagos.<\/p>\n<p style=\"text-align: justify;\">1685.- Nace Georg Friedrich Handel, compositor alem\u00e1n.<\/p>\n<p style=\"text-align: justify;\">1765.- El qu\u00edmico y f\u00edsico ingl\u00e9s Henry Cavendish descubre el hidr\u00f3geno.<\/p>\n<p style=\"text-align: justify;\">1795.- Nace Antonio Jos\u00e9 de Sucre, militar y pol\u00edtico venezolano, h\u00e9roe de la independencia hispanoamericana.<\/p>\n<p style=\"text-align: justify;\">1821.- Muere John Keats, poeta ingl\u00e9s.<\/p>\n<p style=\"text-align: justify;\">1847.- En su lucha por la posesi\u00f3n de Texas, Estados Unidos vence a M\u00e9xico en la batalla de Buena Vista.<\/p>\n<p style=\"text-align: justify;\">1882.- El Banco Nacional Mexicano comienza sus operaciones.<\/p>\n<p style=\"text-align: justify;\">1901.- El vapor ingl\u00e9s \u00abCity of R\u00edo de Janeiro\u00bb se hunde en la entrada del puerto de San Francisco y mueren 130 personas.<\/p>\n<p style=\"text-align: justify;\">1903.- El presidente estadounidense Theodore Roosevelt firma el convenio de arrendamiento de las bases cubanas de Guant\u00e1namo y Bah\u00eda Honda.<\/p>\n<p style=\"text-align: justify;\">1904.- Jap\u00f3n impone a Corea un tratado por el que este pa\u00eds se convierte en protectorado del primero.<\/p>\n<p style=\"text-align: justify;\">1904.- Estados Unidos ratifica el tratado con Panam\u00e1.<\/p>\n<p style=\"text-align: justify;\">1918.- Fundaci\u00f3n del Ej\u00e9rcito Rojo sovi\u00e9tico.<\/p>\n<p style=\"text-align: justify;\">1920.- En la primera transmisi\u00f3n por radio en Inglaterra se ofrece un concierto emitido desde Chelmsford.<\/p>\n<p style=\"text-align: justify;\">1930.- Un movimiento revolucionario dirigido por el general Rafael Trujillo se produce en Santiago (Rep\u00fablica Dominicana).<\/p>\n<p style=\"text-align: justify;\">1934.- Nace Augusto Alguer\u00f3, compositor espa\u00f1ol.<\/p>\n<p style=\"text-align: justify;\">1934.- Muere Edward Elgar, compositor brit\u00e1nico.<\/p>\n<p style=\"text-align: justify;\">1939.- Nace Carlos Bilardo, entrenador de f\u00fatbol argentino.<\/p>\n<p style=\"text-align: justify;\">1940.- Nace Peter Fonda, actor estadounidense.<\/p>\n<p style=\"text-align: justify;\">1955.- Muere Paul Claudel, poeta y dramaturgo franc\u00e9s.<\/p>\n<p style=\"text-align: justify;\">1958.- Arturo Frondizi gana las elecciones generales de Argentina.<\/p>\n<p style=\"text-align: justify;\">1960.- Nace Naruhito, pr\u00edncipe heredero de Jap\u00f3n.<\/p>\n<p style=\"text-align: justify;\">1965.- Muere Stan Laurel, \u00abEl Flaco\u00bb, actor c\u00f3mico estadounidense.<\/p>\n<p style=\"text-align: justify;\">1984.- Brunei proclama su independencia de la Corona brit\u00e1nica.<\/p>\n<p style=\"text-align: justify;\">1987.- Muere Jos\u00e9 Afonso, cantante portugu\u00e9s.<\/p>\n<p style=\"text-align: justify;\">1988.- Haim Hergoz es reelegido presidente de Israel.<\/p>\n<p style=\"text-align: justify;\">1990.- Muere Jos\u00e9 Napole\u00f3n Duarte, ex presidente de El Salvador.<\/p>\n<p style=\"text-align: justify;\">1991.- Las fuerzas armadas tailandesas arrestan al primer ministro, Chatichai Choonhaven, y derogan la Constituci\u00f3n.<\/p>\n<p style=\"text-align: justify;\">1994.- La Duma rusa concede amnist\u00eda a los golpistas de 1991 y a los participantes en la revuelta de octubre de 1993.<\/p>\n<p style=\"text-align: justify;\">1994.- Los pa\u00edses de la OEA firman la declaraci\u00f3n de Cartagena de Indias, en la que se insta a educar a los pueblos para la democracia.<\/p>\n<p style=\"text-align: justify;\">1997.- Cient\u00edficos escoceses comunican la clonaci\u00f3n de una oveja llamada &#8216;Dolly&#8217; a partir de una c\u00e9lula adulta de su especie en julio de 1996.<\/p>\n<p style=\"text-align: justify;\">2000.- Muere Stanley Matthews, futbolista brit\u00e1nico que obtuvo el \u00abprimer bal\u00f3n de oro\u00bb.<\/p>\n<p style=\"text-align: justify;\">2006.- M\u00e1s de sesenta personas mueren en Mosc\u00fa al desplomarse el techo de un mercado.<\/p>\n<p style=\"text-align: justify;\">2006.- Muere Telmo Zarraonandia, \u00abZarra\u00bb, futbolista espa\u00f1ol.<\/p>\n<p style=\"text-align: justify;\">2008.- Las inundaciones causan al menos 16 muertos y 265.000 evacuados en Ecuador.<\/p>\n<p style=\"text-align: justify;\">2010.- El preso cubano Orlando Zapata Tamayo muere en un hospital de La Habana tras 85 d\u00edas en huelga de hambre.<\/p>\n<p style=\"text-align: justify;\">2014.- Muere a los 110 a\u00f1os Alice Herz-Sommer, pianista checa, la superviviente m\u00e1s longeva del Holocausto.<\/p>\n<p style=\"text-align: justify;\">\u00a0<\/p>\n","protected":false},"excerpt":{"rendered":"<p>Un d\u00eda 23 de febrero como hoy, pero de 1981, se registra un intento de golpe de Estado en Espa\u00f1a: 200 guardias civiles, al mando del teniente coronel Antonio Tejero Molina, irrumpen en el Congreso de los Diputados durante la votaci\u00f3n de investidura de Leopoldo Calvo-Sotelo como presidente del Gobierno y mantienen secuestrados a los [&hellip;]<\/p>\n","protected":false},"author":6,"featured_media":25935,"comment_status":"open","ping_status":"open","sticky":false,"template":"","format":"standard","meta":{"_acf_changed":false,"_monsterinsights_skip_tracking":false,"_monsterinsights_sitenote_active":false,"_monsterinsights_sitenote_note":"","_monsterinsights_sitenote_category":0,"slim_seo":{"title":"Efem\u00e9rides 23 de febrero - Opini\u00f3n P\u00fablica","description":"Un d\u00eda 23 de febrero como hoy, pero de 1981, se registra un intento de golpe de Estado en Espa\u00f1a: 200 guardias civiles, al mando del teniente coronel Antonio Te"},"footnotes":""},"categories":[27],"tags":[],"class_list":["post-25936","post","type-post","status-publish","format-standard","has-post-thumbnail","hentry","category-un-dia-como-hoy"],"acf":[],"_links":{"self":[{"href":"https:\/\/www.opinionpublica.tv\/portada\/wp-json\/wp\/v2\/posts\/25936","targetHints":{"allow":["GET"]}}],"collection":[{"href":"https:\/\/www.opinionpublica.tv\/portada\/wp-json\/wp\/v2\/posts"}],"about":[{"href":"https:\/\/www.opinionpublica.tv\/portada\/wp-json\/wp\/v2\/types\/post"}],"author":[{"embeddable":true,"href":"https:\/\/www.opinionpublica.tv\/portada\/wp-json\/wp\/v2\/users\/6"}],"replies":[{"embeddable":true,"href":"https:\/\/www.opinionpublica.tv\/portada\/wp-json\/wp\/v2\/comments?post=25936"}],"version-history":[{"count":0,"href":"https:\/\/www.opinionpublica.tv\/portada\/wp-json\/wp\/v2\/posts\/25936\/revisions"}],"wp:featuredmedia":[{"embeddable":true,"href":"https:\/\/www.opinionpublica.tv\/portada\/wp-json\/wp\/v2\/media\/25935"}],"wp:attachment":[{"href":"https:\/\/www.opinionpublica.tv\/portada\/wp-json\/wp\/v2\/media?parent=25936"}],"wp:term":[{"taxonomy":"category","embeddable":true,"href":"https:\/\/www.opinionpublica.tv\/portada\/wp-json\/wp\/v2\/categories?post=25936"},{"taxonomy":"post_tag","embeddable":true,"href":"https:\/\/www.opinionpublica.tv\/portada\/wp-json\/wp\/v2\/tags?post=25936"}],"curies":[{"name":"wp","href":"https:\/\/api.w.org\/{rel}","templated":true}]}}