{"id":25777,"date":"2021-02-09T07:00:00","date_gmt":"2021-02-09T06:00:00","guid":{"rendered":"https:\/\/www.opinionpublica.tv\/portada\/2021\/02\/09\/iniciara-la-cuaresma-2021-el-miercoles-17-de-febrero\/"},"modified":"2021-02-09T07:00:00","modified_gmt":"2021-02-09T06:00:00","slug":"iniciara-la-cuaresma-2021-el-miercoles-17-de-febrero","status":"publish","type":"post","link":"https:\/\/www.opinionpublica.tv\/portada\/iniciara-la-cuaresma-2021-el-miercoles-17-de-febrero\/","title":{"rendered":"Iniciar\u00e1 la Cuaresma 2021 el mi\u00e9rcoles 17 de febrero"},"content":{"rendered":"<p><img fetchpriority=\"high\" decoding=\"async\" class=\" size-full wp-image-25776\" src=\"https:\/\/www.opinionpublica.tv\/portada\/wp-content\/uploads\/2021\/02\/51e5a500e9ad63120cb5463f01a6fe72.jpg\" alt=\"\" class=\"caption\" title=\"Con la imposici\u00f3n de la ceniza inicia la temporada cuaresmal en todo el mundo cat\u00f3lico.\" width=\"400\" height=\"250\" srcset=\"https:\/\/www.opinionpublica.tv\/portada\/wp-content\/uploads\/2021\/02\/51e5a500e9ad63120cb5463f01a6fe72.jpg 400w, https:\/\/www.opinionpublica.tv\/portada\/wp-content\/uploads\/2021\/02\/51e5a500e9ad63120cb5463f01a6fe72-300x188.jpg 300w\" sizes=\"(max-width: 400px) 100vw, 400px\" \/><br \/>\n<!--more--><\/p>\n<p style=\"text-align: justify;\"><em>Ciudad Ju\u00e1rez, Chih<\/em>.- Con la celebraci\u00f3n del \u2018Mi\u00e9rcoles de Ceniza\u2019 la Iglesia Cat\u00f3lica dar\u00e1 inicio a la temporada de Cuaresma 2021 en todo el mundo.<\/p>\n<p style=\"text-align: justify;\">Seg\u00fan el calendario lit\u00fargico, el pr\u00f3ximo mi\u00e9rcoles 17 de febrero iniciar\u00e1 el tiempo de Cuaresma previo a la Semana Santa de este 2021, con la Imposici\u00f3n de ceniza, ritual cat\u00f3lico que actualmente se analiza la din\u00e1mica por parte de las autoridades eclesi\u00e1sticas, ya que actualmente todav\u00eda existe contingencia sanitaria por la pandemia de Covid-19.<\/p>\n<p style=\"text-align: justify;\">Se dio a conocer que en algunos pa\u00edses, el Mi\u00e9rcoles de Ceniza se realizar\u00e1 de manera virtual y la imposici\u00f3n no ser\u00e1 f\u00edsicamente, no obstante, debido a que en Chihuahua se celebran los ritos religiosos como la Santa Misa de manera presencial con medidas sanitarias, se anunciar\u00e1 pr\u00f3ximamente c\u00f3mo ser\u00e1 esta celebraci\u00f3n.<\/p>\n<p style=\"text-align: justify;\"><strong>\u00bfQu\u00e9 es la Cuaresma?<\/strong><\/p>\n<p style=\"text-align: justify;\">Para los cat\u00f3licos, la Cuaresma es el tiempo lit\u00fargico de conversi\u00f3n, que marca la Iglesia para prepararnos a la gran fiesta de la Pascua. Es tiempo para el arrepentimiento de los pecados y vivir m\u00e1s cerca de Cristo.<\/p>\n<p style=\"text-align: justify;\">Dura 40 d\u00edas, basada en el s\u00edmbolo del n\u00famero cuarenta en la Biblia. En \u00e9sta, se habla de los cuarenta d\u00edas del diluvio, de los cuarenta a\u00f1os de la marcha del pueblo jud\u00edo por el desierto, de los cuarenta d\u00edas de Mois\u00e9s y de El\u00edas en la monta\u00f1a, de los cuarenta d\u00edas que pas\u00f3 Jes\u00fas en el desierto antes de comenzar su vida p\u00fablica, de los 400 a\u00f1os que dur\u00f3 la estancia de los jud\u00edos en Egipto.<\/p>\n<p style=\"text-align: justify;\">Comienza el Mi\u00e9rcoles de Ceniza y termina antes de la Misa de la Cena del Se\u00f1or del Jueves Santo. A lo largo de este tiempo, sobre todo en la liturgia del domingo, se hace un esfuerzo por recuperar el ritmo y estilo de verdaderos creyentes que deben vivir como hijos de Dios.<\/p>\n<p style=\"text-align: justify;\">El color lit\u00fargico de este tiempo es el morado que significa luto y penitencia. Es un tiempo de reflexi\u00f3n, de penitencia, de conversi\u00f3n espiritual; tiempo de preparaci\u00f3n al misterio pascual.<\/p>\n<p style=\"text-align: justify;\">La Semana Santa de este 2021 comprender\u00e1 a partir del Domingo de Ramos el 28 de marzo al 3 de abril.<\/p>\n","protected":false},"excerpt":{"rendered":"","protected":false},"author":6,"featured_media":25776,"comment_status":"open","ping_status":"open","sticky":false,"template":"","format":"standard","meta":{"_acf_changed":false,"_monsterinsights_skip_tracking":false,"slim_seo":{"title":"Iniciar\u00e1 la Cuaresma 2021 el mi\u00e9rcoles 17 de febrero - Opini\u00f3n P\u00fablica","description":"Ciudad Ju\u00e1rez, Chih .- Con la celebraci\u00f3n del \u2018Mi\u00e9rcoles de Ceniza\u2019 la Iglesia Cat\u00f3lica dar\u00e1 inicio a la temporada de Cuaresma 2021 en todo el mundo. Seg\u00fan el c"},"footnotes":""},"categories":[11],"tags":[],"class_list":["post-25777","post","type-post","status-publish","format-standard","has-post-thumbnail","hentry","category-tendencias"],"acf":[],"_links":{"self":[{"href":"https:\/\/www.opinionpublica.tv\/portada\/wp-json\/wp\/v2\/posts\/25777","targetHints":{"allow":["GET"]}}],"collection":[{"href":"https:\/\/www.opinionpublica.tv\/portada\/wp-json\/wp\/v2\/posts"}],"about":[{"href":"https:\/\/www.opinionpublica.tv\/portada\/wp-json\/wp\/v2\/types\/post"}],"author":[{"embeddable":true,"href":"https:\/\/www.opinionpublica.tv\/portada\/wp-json\/wp\/v2\/users\/6"}],"replies":[{"embeddable":true,"href":"https:\/\/www.opinionpublica.tv\/portada\/wp-json\/wp\/v2\/comments?post=25777"}],"version-history":[{"count":0,"href":"https:\/\/www.opinionpublica.tv\/portada\/wp-json\/wp\/v2\/posts\/25777\/revisions"}],"wp:featuredmedia":[{"embeddable":true,"href":"https:\/\/www.opinionpublica.tv\/portada\/wp-json\/wp\/v2\/media\/25776"}],"wp:attachment":[{"href":"https:\/\/www.opinionpublica.tv\/portada\/wp-json\/wp\/v2\/media?parent=25777"}],"wp:term":[{"taxonomy":"category","embeddable":true,"href":"https:\/\/www.opinionpublica.tv\/portada\/wp-json\/wp\/v2\/categories?post=25777"},{"taxonomy":"post_tag","embeddable":true,"href":"https:\/\/www.opinionpublica.tv\/portada\/wp-json\/wp\/v2\/tags?post=25777"}],"curies":[{"name":"wp","href":"https:\/\/api.w.org\/{rel}","templated":true}]}}