{"id":25771,"date":"2021-02-09T07:00:00","date_gmt":"2021-02-09T06:00:00","guid":{"rendered":"https:\/\/www.opinionpublica.tv\/portada\/2021\/02\/09\/el-10-de-febrero-ultimo-dia-para-tramitar-credencial-de-elector\/"},"modified":"2021-02-09T07:00:00","modified_gmt":"2021-02-09T06:00:00","slug":"el-10-de-febrero-ultimo-dia-para-tramitar-credencial-de-elector","status":"publish","type":"post","link":"https:\/\/www.opinionpublica.tv\/portada\/el-10-de-febrero-ultimo-dia-para-tramitar-credencial-de-elector\/","title":{"rendered":"El 10 de febrero \u00faltimo d\u00eda para tramitar credencial de elector"},"content":{"rendered":"<p><img fetchpriority=\"high\" decoding=\"async\" class=\" size-full wp-image-25770\" src=\"https:\/\/www.opinionpublica.tv\/portada\/wp-content\/uploads\/2021\/02\/a61338d7f798651113635a81cabe1316.jpg\" alt=\"\" class=\"caption\" title=\"Quienes no puedan tramitar su credencial de elector deber\u00e1n esperar hasta el 6 de junio.\" width=\"400\" height=\"250\" srcset=\"https:\/\/www.opinionpublica.tv\/portada\/wp-content\/uploads\/2021\/02\/a61338d7f798651113635a81cabe1316.jpg 400w, https:\/\/www.opinionpublica.tv\/portada\/wp-content\/uploads\/2021\/02\/a61338d7f798651113635a81cabe1316-300x188.jpg 300w\" sizes=\"(max-width: 400px) 100vw, 400px\" \/><br \/>\n<!--more--><\/p>\n<p style=\"text-align: justify;\"><em>Chihuahua, Chih<\/em>.- Este mi\u00e9rcoles 10 de febrero ser\u00e1 el \u00faltimo d\u00eda para tramitar la credencial de elector expedida por el Instituto Nacional Electoral (INE) o hacer alg\u00fan cambio en la misma.<\/p>\n<p style=\"text-align: justify;\">El INE inform\u00f3 que los horarios para la atenci\u00f3n ciudadana en los m\u00f3dulos ubicados en la entidad, ser\u00e1 de 8:00 de la ma\u00f1ana a 9:00 de la noche, aunque este mi\u00e9rcoles podr\u00eda extenderse hasta las 23:59 horas.<\/p>\n<p style=\"text-align: justify;\">Por este motivo se han registrado largas filas y tiempos de espera desde hasta dos horas para tramitar el pl\u00e1stico en los m\u00f3dulos de atenci\u00f3n ciudadana ubicados en Ju\u00e1rez y la ciudad de Chihuahua.<\/p>\n<p style=\"text-align: justify;\">Las personas que tramitaron su credencial de elector antes del 10 de febrero podr\u00e1n recogerla hasta el 10 de abril pr\u00f3ximo, pero quienes no puedan hacerlo deber\u00e1n esperar hasta el 6 de junio.<\/p>\n<p style=\"text-align: justify;\">El INE confirm\u00f3 despu\u00e9s de este mi\u00e9rcoles ya no ser\u00e1 posible realizar tr\u00e1mites de inscripci\u00f3n de ciudadanos que cumplen 18 a\u00f1os de edad, reposiciones o cambios de domicilio en el documento oficial.<\/p>\n<p style=\"text-align: justify;\">Los m\u00f3dulos seguir\u00e1n abiertos solamente para reimpresiones de credenciales para votar que no generen cambios en su informaci\u00f3n.<\/p>\n<p style=\"text-align: justify;\">\u00a0<\/p>\n<p style=\"text-align: justify;\">\u00a0<\/p>\n","protected":false},"excerpt":{"rendered":"","protected":false},"author":6,"featured_media":25770,"comment_status":"open","ping_status":"open","sticky":false,"template":"","format":"standard","meta":{"_acf_changed":false,"_monsterinsights_skip_tracking":false,"slim_seo":{"title":"El 10 de febrero \u00faltimo d\u00eda para tramitar credencial de elector - Opini\u00f3n P\u00fablica","description":"Chihuahua, Chih .- Este mi\u00e9rcoles 10 de febrero ser\u00e1 el \u00faltimo d\u00eda para tramitar la credencial de elector expedida por el Instituto Nacional Electoral (INE) o h"},"footnotes":""},"categories":[4],"tags":[],"class_list":["post-25771","post","type-post","status-publish","format-standard","has-post-thumbnail","hentry","category-pulsopolitico"],"acf":[],"_links":{"self":[{"href":"https:\/\/www.opinionpublica.tv\/portada\/wp-json\/wp\/v2\/posts\/25771","targetHints":{"allow":["GET"]}}],"collection":[{"href":"https:\/\/www.opinionpublica.tv\/portada\/wp-json\/wp\/v2\/posts"}],"about":[{"href":"https:\/\/www.opinionpublica.tv\/portada\/wp-json\/wp\/v2\/types\/post"}],"author":[{"embeddable":true,"href":"https:\/\/www.opinionpublica.tv\/portada\/wp-json\/wp\/v2\/users\/6"}],"replies":[{"embeddable":true,"href":"https:\/\/www.opinionpublica.tv\/portada\/wp-json\/wp\/v2\/comments?post=25771"}],"version-history":[{"count":0,"href":"https:\/\/www.opinionpublica.tv\/portada\/wp-json\/wp\/v2\/posts\/25771\/revisions"}],"wp:featuredmedia":[{"embeddable":true,"href":"https:\/\/www.opinionpublica.tv\/portada\/wp-json\/wp\/v2\/media\/25770"}],"wp:attachment":[{"href":"https:\/\/www.opinionpublica.tv\/portada\/wp-json\/wp\/v2\/media?parent=25771"}],"wp:term":[{"taxonomy":"category","embeddable":true,"href":"https:\/\/www.opinionpublica.tv\/portada\/wp-json\/wp\/v2\/categories?post=25771"},{"taxonomy":"post_tag","embeddable":true,"href":"https:\/\/www.opinionpublica.tv\/portada\/wp-json\/wp\/v2\/tags?post=25771"}],"curies":[{"name":"wp","href":"https:\/\/api.w.org\/{rel}","templated":true}]}}