{"id":25761,"date":"2021-02-09T07:00:00","date_gmt":"2021-02-09T06:00:00","guid":{"rendered":"https:\/\/www.opinionpublica.tv\/portada\/2021\/02\/09\/civilidad-si-nunca-incivilidad\/"},"modified":"2021-02-09T07:00:00","modified_gmt":"2021-02-09T06:00:00","slug":"civilidad-si-nunca-incivilidad","status":"publish","type":"post","link":"https:\/\/www.opinionpublica.tv\/portada\/civilidad-si-nunca-incivilidad\/","title":{"rendered":"Civilidad si \u00bfnunca incivilidad?"},"content":{"rendered":"<img fetchpriority=\"high\" decoding=\"async\" class=\" size-full wp-image-25760\" src=\"https:\/\/www.opinionpublica.tv\/portada\/wp-content\/uploads\/2021\/02\/2583ce3d55c2d171c8bc71381b5af8cd.jpg\" alt=\"\" class=\"caption\" title=\"Eduardo Borunda Escobedo.\" width=\"215\" height=\"241\" \/>\n<p style=\"text-align: justify;\">Reci\u00e9n inicia el proceso electoral en uno de sus primeros periodos como lo son las precampa\u00f1as y tenemos ciertos elementos que nos deben llamar a la reflexi\u00f3n. Hemos sido testigos de grandes momentos de la historia, como la ca\u00edda del Muro de Berl\u00edn, la llegada del hombre a la luna, la propagaci\u00f3n de la comunicaci\u00f3n a grandes kil\u00f3metros de distancia que permiten acercar a las personas con sus valores y sentimientos m\u00e1s profundos. Desgraciadamente tambi\u00e9n hemos sido testigos de las grandes fatalidades que han producido el odio y los discursos que lo acompa\u00f1an: la ca\u00edda de las torres gemelas en Nueva York, el asesinato de Luis Donaldo Colosio, el enfrentamiento en las calles por el color de la piel.<\/p>\n<p><!--more--><\/p>\n<p style=\"text-align: justify;\">Nos hemos dado cuenta, a trav\u00e9s de algunos medios de comunicaci\u00f3n de discursos que han expresado diversos actores pol\u00edticos, en ellos se expresan de los contrincantes como enemigos a muerte, se les insulta, se les descalifica y se marca una l\u00ednea divisoria que rompe con los principios b\u00e1sicos de la democracia: respeto y tolerancia. La pregunta es para reflexionar \u00bfC\u00f3mo construir una sociedad participativa e incluyente con este tipo de manifestaciones que est\u00e1n llenas de un discurso de odio?<\/p>\n<p style=\"text-align: justify;\">El siguiente paso ser\u00e1 la confrontaci\u00f3n f\u00edsica, como prueba de la deconstrucci\u00f3n de los principios de civilidad pol\u00edtica y en ese terreno se est\u00e1 llegando cuando los antagonistas irrumpen para violentar el di\u00e1logo, el debate y la confrontaci\u00f3n de las ideas bajo las argumentaciones de los marcos te\u00f3ricos y de las propuestas de los documentos b\u00e1sicos que deben regir la agenda de los partidos pol\u00edticos y sus candidatos. La conclusi\u00f3n es simple, si a la civilidad pol\u00edtica nunca m\u00e1s la incivilidad.<\/p>\n<p style=\"text-align: justify;\">La gesti\u00f3n del \u201cdiscenso\u201d es un derecho ciudadano, es la oportunidad de garantizar el debate de las ideas que imprimen un sello espec\u00edfico a nuestra cultura democr\u00e1tica. Ya en las \u00e9pocas posteriores a la segunda guerra mundial, Gabriel Almond y Sydney Verba hab\u00edan terminado su estudio que permit\u00eda conocer el tipo de cultura pol\u00edtica que prevalec\u00edan en cinco naciones del mundo, entre ellas, M\u00e9xico.<\/p>\n<p style=\"text-align: justify;\">En dicho estudio (The Civic Culture), se analiz\u00f3 el conocimiento, las actitudes y las valoraciones del sistema pol\u00edtico de pa\u00edses como Estados Unidos, Alemania, Italia, Inglaterra y M\u00e9xico. Se identificaron tres grandes culturas pol\u00edticas que prevalec\u00edan as\u00ed como subculturas que reflejaban rasgos y caracter\u00edsticas entre ellas. M\u00e9xico tuvo un componente espec\u00edfico: no se lograba tener con claridad a cual tipo de cultura permanec\u00eda.<\/p>\n<p style=\"text-align: justify;\">La cultura de s\u00fabdito, ten\u00eda como caracter\u00edsticas que los ciudadanos no se reconoc\u00edan como ciudadanos, no identificaban las separaciones entre el poder religioso y el poder civil. En la cultura parroquial hab\u00eda una evoluci\u00f3n, se reconoc\u00edan ciertos derechos y obligaciones y el voto permanec\u00eda s\u00f3lo una forma activa de esa ciudadan\u00eda. Sin embargo, en la cultura pol\u00edtica participativa, el ser humano ten\u00eda una serie de reconocimientos de su participaci\u00f3n activa en la toma de decisiones del propio gobierno y hab\u00eda un impulso a buscar el poder civil a trav\u00e9s del voto y las otras formas de participaci\u00f3n ciudadana.<\/p>\n<p style=\"text-align: justify;\">En conclusi\u00f3n, la cultura pol\u00edtica participativa debe tener como principio b\u00e1sico el respeto y el di\u00e1logo. Si no respetamos las ideas de los otros, estaremos fraguando un esquema de corrupci\u00f3n pol\u00edtica que se imponga por encima de los dem\u00e1s, sin respeto a las ideas, sin respeto a las minor\u00edas y sin construcci\u00f3n de acuerdos. Hay que recordar que estaremos los ciudadanos a fuego cruzado por las guerras sucias y campa\u00f1as negras que van a denostar a\u00a0 los contrincantes con un esquema muy definido: ustedes los malos, nosotros los buenos. Las campa\u00f1as formales iniciar\u00e1n en el mes de abril. Ser\u00e1n cortas, se centrar\u00e1n en la elecci\u00f3n de gobernador y ayuntamientos. Vamos a propiciar la participaci\u00f3n con propuestas, no con insultos, no con descalificaciones.<\/p>\n","protected":false},"excerpt":{"rendered":"<p>Reci\u00e9n inicia el proceso electoral en uno de sus primeros periodos como lo son las precampa\u00f1as y tenemos ciertos elementos que nos deben llamar a la reflexi\u00f3n. Hemos sido testigos de grandes momentos de la historia, como la ca\u00edda del Muro de Berl\u00edn, la llegada del hombre a la luna, la propagaci\u00f3n de la comunicaci\u00f3n [&hellip;]<\/p>\n","protected":false},"author":6,"featured_media":25760,"comment_status":"open","ping_status":"open","sticky":false,"template":"","format":"standard","meta":{"_acf_changed":false,"_monsterinsights_skip_tracking":false,"slim_seo":{"title":"Civilidad si \u00bfnunca incivilidad? - Opini\u00f3n P\u00fablica","description":"Reci\u00e9n inicia el proceso electoral en uno de sus primeros periodos como lo son las precampa\u00f1as y tenemos ciertos elementos que nos deben llamar a la reflexi\u00f3n."},"footnotes":""},"categories":[31],"tags":[],"class_list":["post-25761","post","type-post","status-publish","format-standard","has-post-thumbnail","hentry","category-galimatias"],"acf":[],"_links":{"self":[{"href":"https:\/\/www.opinionpublica.tv\/portada\/wp-json\/wp\/v2\/posts\/25761","targetHints":{"allow":["GET"]}}],"collection":[{"href":"https:\/\/www.opinionpublica.tv\/portada\/wp-json\/wp\/v2\/posts"}],"about":[{"href":"https:\/\/www.opinionpublica.tv\/portada\/wp-json\/wp\/v2\/types\/post"}],"author":[{"embeddable":true,"href":"https:\/\/www.opinionpublica.tv\/portada\/wp-json\/wp\/v2\/users\/6"}],"replies":[{"embeddable":true,"href":"https:\/\/www.opinionpublica.tv\/portada\/wp-json\/wp\/v2\/comments?post=25761"}],"version-history":[{"count":0,"href":"https:\/\/www.opinionpublica.tv\/portada\/wp-json\/wp\/v2\/posts\/25761\/revisions"}],"wp:featuredmedia":[{"embeddable":true,"href":"https:\/\/www.opinionpublica.tv\/portada\/wp-json\/wp\/v2\/media\/25760"}],"wp:attachment":[{"href":"https:\/\/www.opinionpublica.tv\/portada\/wp-json\/wp\/v2\/media?parent=25761"}],"wp:term":[{"taxonomy":"category","embeddable":true,"href":"https:\/\/www.opinionpublica.tv\/portada\/wp-json\/wp\/v2\/categories?post=25761"},{"taxonomy":"post_tag","embeddable":true,"href":"https:\/\/www.opinionpublica.tv\/portada\/wp-json\/wp\/v2\/tags?post=25761"}],"curies":[{"name":"wp","href":"https:\/\/api.w.org\/{rel}","templated":true}]}}