{"id":25597,"date":"2021-01-26T07:00:00","date_gmt":"2021-01-26T06:00:00","guid":{"rendered":"https:\/\/www.opinionpublica.tv\/portada\/2021\/01\/26\/afirma-lopez-gatell-que-amlo-evoluciona-bien-y-esta-de-buen-humor\/"},"modified":"2021-01-26T07:00:00","modified_gmt":"2021-01-26T06:00:00","slug":"afirma-lopez-gatell-que-amlo-evoluciona-bien-y-esta-de-buen-humor","status":"publish","type":"post","link":"https:\/\/www.opinionpublica.tv\/portada\/afirma-lopez-gatell-que-amlo-evoluciona-bien-y-esta-de-buen-humor\/","title":{"rendered":"Afirma L\u00f3pez-Gatell que AMLO evoluciona bien y est\u00e1 de buen humor"},"content":{"rendered":"<p><img fetchpriority=\"high\" decoding=\"async\" class=\" size-full wp-image-25596\" src=\"https:\/\/www.opinionpublica.tv\/portada\/wp-content\/uploads\/2021\/01\/d4433fe0e701267efde9f962b3f3c3c9.jpg\" alt=\"\" class=\"caption\" title=\"Hugo L\u00f3pez-Gatell, subsecretario de Salud y responsable de la estrategia contra el Covid-19.\" width=\"669\" height=\"424\" srcset=\"https:\/\/www.opinionpublica.tv\/portada\/wp-content\/uploads\/2021\/01\/d4433fe0e701267efde9f962b3f3c3c9.jpg 669w, https:\/\/www.opinionpublica.tv\/portada\/wp-content\/uploads\/2021\/01\/d4433fe0e701267efde9f962b3f3c3c9-300x190.jpg 300w\" sizes=\"(max-width: 669px) 100vw, 669px\" \/><br \/>\n<!--more--><\/p>\n<p style=\"text-align: justify;\"><em>Ciudad de M\u00e9xico<\/em>.- El subsecretario de Prevenci\u00f3n y Promoci\u00f3n de la Salud, Hugo L\u00f3pez-Gatell, afirm\u00f3 que el presidente Andr\u00e9s Manuel L\u00f3pez Obrador evoluciona bien y tiene s\u00edntomas leves de Covid-19, como al inicio de su cuadro m\u00e9dico el fin de semana pasado.<\/p>\n<p style=\"text-align: justify;\">\u201cEl presidente evoluciona bien y tendremos su autorizaci\u00f3n para informar c\u00f3mo va evolucionando, estoy seguro que en un momento \u00e9l mismo estar\u00e1 interesado en que a trav\u00e9s de sus redes sociales dar\u00e1 un parte de c\u00f3mo est\u00e1\u201d, dijo.<\/p>\n<p style=\"text-align: justify;\">Record\u00f3 que hace dos d\u00edas L\u00f3pez Obrador inici\u00f3 con s\u00edntomas leves, tuvo fiebre mayor a 37 grados y menor a 38 y dolor de cabeza.<\/p>\n<p style=\"text-align: justify;\">\u201cPero est\u00e1 de buen humor, tuve un intercambio con su equipo cercano y todo mundo comentaba que estaba de buen humor. El doctor Jorge Alcocer est\u00e1 al frente de un equipo medico que viene de los institutos nacionales de salud, los distintos miembros del equipo van opinando de los temas sobre los que son expertos y con cuidado en no abusar de los medicamentos ya que sus s\u00edntomas son leves\u201d, a\u00f1adi\u00f3. (Publimetro)<\/p>\n","protected":false},"excerpt":{"rendered":"","protected":false},"author":6,"featured_media":25596,"comment_status":"open","ping_status":"open","sticky":false,"template":"","format":"standard","meta":{"_acf_changed":false,"_monsterinsights_skip_tracking":false,"slim_seo":{"title":"Afirma L\u00f3pez-Gatell que AMLO evoluciona bien y est\u00e1 de buen humor - Opini\u00f3n P\u00fablica","description":"Ciudad de M\u00e9xico .- El subsecretario de Prevenci\u00f3n y Promoci\u00f3n de la Salud, Hugo L\u00f3pez-Gatell, afirm\u00f3 que el presidente Andr\u00e9s Manuel L\u00f3pez Obrador evoluciona b"},"footnotes":""},"categories":[11],"tags":[],"class_list":["post-25597","post","type-post","status-publish","format-standard","has-post-thumbnail","hentry","category-tendencias"],"acf":[],"_links":{"self":[{"href":"https:\/\/www.opinionpublica.tv\/portada\/wp-json\/wp\/v2\/posts\/25597","targetHints":{"allow":["GET"]}}],"collection":[{"href":"https:\/\/www.opinionpublica.tv\/portada\/wp-json\/wp\/v2\/posts"}],"about":[{"href":"https:\/\/www.opinionpublica.tv\/portada\/wp-json\/wp\/v2\/types\/post"}],"author":[{"embeddable":true,"href":"https:\/\/www.opinionpublica.tv\/portada\/wp-json\/wp\/v2\/users\/6"}],"replies":[{"embeddable":true,"href":"https:\/\/www.opinionpublica.tv\/portada\/wp-json\/wp\/v2\/comments?post=25597"}],"version-history":[{"count":0,"href":"https:\/\/www.opinionpublica.tv\/portada\/wp-json\/wp\/v2\/posts\/25597\/revisions"}],"wp:featuredmedia":[{"embeddable":true,"href":"https:\/\/www.opinionpublica.tv\/portada\/wp-json\/wp\/v2\/media\/25596"}],"wp:attachment":[{"href":"https:\/\/www.opinionpublica.tv\/portada\/wp-json\/wp\/v2\/media?parent=25597"}],"wp:term":[{"taxonomy":"category","embeddable":true,"href":"https:\/\/www.opinionpublica.tv\/portada\/wp-json\/wp\/v2\/categories?post=25597"},{"taxonomy":"post_tag","embeddable":true,"href":"https:\/\/www.opinionpublica.tv\/portada\/wp-json\/wp\/v2\/tags?post=25597"}],"curies":[{"name":"wp","href":"https:\/\/api.w.org\/{rel}","templated":true}]}}