{"id":25589,"date":"2021-01-26T07:00:00","date_gmt":"2021-01-26T06:00:00","guid":{"rendered":"https:\/\/www.opinionpublica.tv\/portada\/2021\/01\/26\/pese-a-tener-covid-mexicanos-creen-que-amlo-no-tomara-en-serio-esa-enfermedad\/"},"modified":"2021-01-26T07:00:00","modified_gmt":"2021-01-26T06:00:00","slug":"pese-a-tener-covid-mexicanos-creen-que-amlo-no-tomara-en-serio-esa-enfermedad","status":"publish","type":"post","link":"https:\/\/www.opinionpublica.tv\/portada\/pese-a-tener-covid-mexicanos-creen-que-amlo-no-tomara-en-serio-esa-enfermedad\/","title":{"rendered":"Pese a tener Covid, mexicanos creen que AMLO no tomara en serio esa enfermedad"},"content":{"rendered":"<p><img fetchpriority=\"high\" decoding=\"async\" class=\" size-full wp-image-25588\" src=\"https:\/\/www.opinionpublica.tv\/portada\/wp-content\/uploads\/2021\/01\/cea8e51bc248b61082a01b66f6586b49.jpg\" alt=\"\" class=\"caption\" title=\"Andr\u00e9s Manuel L\u00f3pez Obrador, presidente de M\u00e9xico.\" width=\"285\" height=\"177\" \/><br \/>\n<!--more--><\/p>\n<p style=\"text-align: justify;\"><em>Ciudad de M\u00e9xico<\/em>.- Un d\u00eda despu\u00e9s de conocerse la noticia de que el presidente de M\u00e9xico contrajo la COVID-19, la frustraci\u00f3n se hizo sentir en una larga fila de ciudadanos que esperaban, ansiosos, rellenar los tanques de ox\u00edgeno para sus familiares que sufr\u00edan de la misma enfermedad y batallaban para respirar en casa.<\/p>\n<p style=\"text-align: justify;\">Durante casi un a\u00f1o, Andr\u00e9s Manuel L\u00f3pez Obrador ha minimizado la pandemia: dijo que los amuletos religiosos lo proteg\u00edan, se rehus\u00f3 a llevar cubrebocas e incluso bebi\u00f3 del mismo recipiente de barro que sus seguidores. Solo era cuesti\u00f3n de tiempo antes de que \u00e9l tambi\u00e9n se enfermara, dijeron algunos mexicanos.<\/p>\n<p style=\"text-align: justify;\">Ahora que el presidente contrajo el virus, lo que m\u00e1s agravia a muchos en el pa\u00eds no es solo que hubiera desde\u00f1ado las precauciones b\u00e1sicas de seguridad sino que, despu\u00e9s de su propia enfermedad, tambi\u00e9n vuelva a minimizar la amenaza de una pandemia que\u00a0va en aumento.<\/p>\n<p style=\"text-align: justify;\">Dado que recibir\u00e1 cuidados m\u00e9dicos de primer nivel en su residencia, el presidente con certeza se recuperar\u00e1, observaron. Pero, en cambio, sus seres queridos apenas pueden conseguir los cuidados m\u00e1s b\u00e1sicos, ya sea una cama en un hospital rebasado o el suministro de ox\u00edgeno que pueda ayudarlos a sobrevivir en casa.<\/p>\n<p style=\"text-align: justify;\">\u201cMi pap\u00e1 le crey\u00f3, le crey\u00f3 que al no usar cubrebocas no pasaba nada\u201d, dijo Lilia Ram\u00edrez D\u00edaz, quien estaba yendo por segunda vez en un d\u00eda a rellenar el tanque de ox\u00edgeno para su padre diab\u00e9tico, que luchaba contra la COVID-19 en casa.<\/p>\n<p style=\"text-align: justify;\">\u201cAmbos se enfermaron\u201d, dijo, pero el presidente \u201cno tiene que andar peregrinando buscando un tanque de ox\u00edgeno\u201d.<\/p>\n<p style=\"text-align: justify;\">El pa\u00eds, devastado, est\u00e1 teniendo dificultades para controlar la pandemia. Tres d\u00edas antes del domingo en el que el presidente dio a conocer que hab\u00eda dado positivo al virus, las autoridades anunciaron m\u00e1s de 1800 fallecimientos por coronavirus, una cifra que\u00a0rompi\u00f3 el r\u00e9cord de muertes\u00a0en un solo d\u00eda, que se hab\u00eda alcanzado apenas unos d\u00edas antes.<\/p>\n<p style=\"text-align: justify;\">En Ciudad de M\u00e9xico, los hospitales est\u00e1n al 89 por ciento de su capacidad, seg\u00fan las cifras m\u00e1s recientes de la Secretar\u00eda de Salud, mientras que en el resto del pa\u00eds la cifra es del 60 por ciento. En toda la naci\u00f3n, m\u00e1s de la mitad de las camas hospitalarias con ventiladores est\u00e1n ocupadas.<\/p>\n<p style=\"text-align: justify;\">Hasta ahora, m\u00e1s de 1.7 millones de personas han contra\u00eddo el virus en M\u00e9xico y casi 150.000 personas han fallecido. Es la cuarta cifra m\u00e1s alta de v\u00edctimas del virus en todo el mundo. Y algunos expertos creen que es mucho mayor.<\/p>\n<p style=\"text-align: justify;\">Debido a una desconfianza generalizada hacia los hospitales, muchas personas con el virus deciden quedarse en casa, y a menudo mueren ah\u00ed. La causa de muerte en esos casos tal vez no se atribuya en el registro a la COVID-19. Adem\u00e1s, se hacen pocas pruebas, lo que significa que el verdadero impacto de la pandemia\u00a0es probablemente mucho peor\u00a0que el recuento oficial.<\/p>\n<p style=\"text-align: justify;\">A pesar de que L\u00f3pez Obrador dijo el domingo que sus s\u00edntomas eran leves y que \u201cestaba optimista\u201d, los m\u00e9dicos advirtieron que, con 67 a\u00f1os y tras sobrevivir un ataque al coraz\u00f3n, se encontraba en una categor\u00eda de alto riesgo.<\/p>\n<p style=\"text-align: justify;\">Est\u00e1 por verse, adem\u00e1s, si el l\u00edder mexicano cambia la actitud que tiene respecto al virus despu\u00e9s de experimentarlo de manera personal.<\/p>\n<p style=\"text-align: justify;\">L\u00f3pez Obrador no es el primor l\u00edder mundial en enfermarse del coronavirus.<\/p>\n<p style=\"text-align: justify;\">A principios del a\u00f1o pasado, el primer ministro del Reino Unido, Boris Johnson, insisti\u00f3 en estrechar la mano de los pacientes de la COVID-19 solo para ser\u00a0hospitalizado tiempo despu\u00e9s\u00a0con la enfermedad.<\/p>\n<p style=\"text-align: justify;\">Johnson emergi\u00f3 de la emergencia de salud que experiment\u00f3 con un tono de escarmiento y con una nueva e \u00edntima conciencia sobre los peligros del virus. Empez\u00f3 a aceptar los cubrebocas, los aislamientos y otras medidas dise\u00f1adas para ayudar a disminuir la transmisi\u00f3n del virus.<\/p>\n<p style=\"text-align: justify;\">Pero en M\u00e9xico,\u00a0algunos expertos en salud p\u00fablica temen que el mandatario m\u00e1s bien adopte el camino del ex presidente Donald Trump, quien el a\u00f1o pasado super\u00f3 el virus y sigui\u00f3 minimizando la pandemia y socavando las recomendaciones de los funcionarios de salud.<\/p>\n<p style=\"text-align: justify;\">Varios especialistas en salud p\u00fablica entrevistados dijeron que les preocupaba que L\u00f3pez Obrador mantenga su oposici\u00f3n a los cubrebocas, los confinamientos y el distanciamiento social.<\/p>\n<p style=\"text-align: justify;\">Y si L\u00f3pez Obrador se recupera y luego utiliza su propia experiencia para desestimar el peligro puede ser que contribuya a empeorar el aumento de casos en M\u00e9xico, advirti\u00f3 Laurie Ann Xim\u00e9nez-Fyvie, la jefa del laboratorio de gen\u00e9tica molecular en la Universidad Nacional Aut\u00f3noma de M\u00e9xico.<\/p>\n<p style=\"text-align: justify;\">\u201cSi L\u00f3pez Obrador sale de esto diciendo: \u2018\u00bfVen? Soy una persona mayor con hipertensi\u00f3n, y ven qu\u00e9 bien me fue? Volvamos a la normalidad\u2019, entonces eso podr\u00eda llevarnos al l\u00edmite\u201d,\u00a0dijo la doctora Xim\u00e9nez-Fyvie. \u201cLa gente podr\u00eda bajar la guardia a\u00fan m\u00e1s, ser m\u00e1s temeraria\u201d.<\/p>\n<p style=\"text-align: justify;\">\u201cY el presidente ya ha hecho todo lo posible para que la gente baje la guardia\u201d.<\/p>\n<p style=\"text-align: justify;\">Ante una oposici\u00f3n fragmentada y d\u00e9bil, hay poca resistencia s\u00f3lida a las prescripciones de pol\u00edtica de L\u00f3pez Obrador. El partido gobernante, el Movimiento Regeneraci\u00f3n Nacional, fundado por L\u00f3pez Obrador, tiene gran influencia sobre los funcionarios, que se dice se quitan los cubrebocas cuando est\u00e1n cerca del presidente para no molestarlo.<\/p>\n<p style=\"text-align: justify;\">E incluso si L\u00f3pez Obrador cambia sus mensajes e insta a los ciudadanos a tomar precauciones, pude que no tenga \u00e9xito, advirtieron algunos.<\/p>\n<p style=\"text-align: justify;\">\u201cEs muy dif\u00edcil imponer confinamientos en M\u00e9xico ahora, porque gran parte de la econom\u00eda no es formal\u201d, dijo Alejandro Mac\u00edas, un m\u00e9dico experto en enfermedades infecciosas. \u201cEl gobierno puede regular la econom\u00eda formal pero eso termina por incrementar la demanda para la econom\u00eda informal, no regulada\u201d.<\/p>\n<p style=\"text-align: justify;\">El gobierno esperaba asegurar suficientes dosis de la vacuna para desplegar un ambicioso programa de vacunaci\u00f3n para inocular a la mayor\u00eda de los trabajadores de primera l\u00ednea hacia fines de febrero. Pero ese programa se detuvo la semana pasada luego de que Pfizer dijo que ya no pod\u00eda cumplir con su promesa de distribuir 1.5 millones de dosis a M\u00e9xico. El lunes en la noche se hab\u00edan administrado poco m\u00e1s de 640,000 dosis en todo el pa\u00eds.<\/p>\n<p style=\"text-align: justify;\">El lunes, los funcionarios mexicanos hablaron con sus contrapartes rusas para asegurar 24 millones de la vacuna Sputnik V, pero los expertos en salud advierten que ni la eficacia ni la seguridad\u00a0de la vacuna rusa\u00a0puede garantizarse.<\/p>\n<p style=\"text-align: justify;\">\u201cM\u00e9xico ha estado volando a ciegas a lo largo de esta pandemia\u201d, dijo Xim\u00e9nez-Fyvie. \u201cY ahora estamos volando a ciegas con la vacuna\u201d.<\/p>\n<p style=\"text-align: justify;\"><em>Con informaci\u00f3n de The New York Times<\/em>.<\/p>\n<p style=\"text-align: justify;\">\u00a0<\/p>\n<p style=\"text-align: justify;\">\u00a0<\/p>\n","protected":false},"excerpt":{"rendered":"","protected":false},"author":6,"featured_media":25588,"comment_status":"open","ping_status":"open","sticky":false,"template":"","format":"standard","meta":{"_acf_changed":false,"_monsterinsights_skip_tracking":false,"slim_seo":{"title":"Pese a tener Covid, mexicanos creen que AMLO no tomara en serio esa enfermedad - Opini\u00f3n P\u00fablica","description":"Ciudad de M\u00e9xico .- Un d\u00eda despu\u00e9s de conocerse la noticia de que el presidente de M\u00e9xico contrajo la COVID-19, la frustraci\u00f3n se hizo sentir en una larga fila"},"footnotes":""},"categories":[3],"tags":[],"class_list":["post-25589","post","type-post","status-publish","format-standard","has-post-thumbnail","hentry","category-principal"],"acf":[],"_links":{"self":[{"href":"https:\/\/www.opinionpublica.tv\/portada\/wp-json\/wp\/v2\/posts\/25589","targetHints":{"allow":["GET"]}}],"collection":[{"href":"https:\/\/www.opinionpublica.tv\/portada\/wp-json\/wp\/v2\/posts"}],"about":[{"href":"https:\/\/www.opinionpublica.tv\/portada\/wp-json\/wp\/v2\/types\/post"}],"author":[{"embeddable":true,"href":"https:\/\/www.opinionpublica.tv\/portada\/wp-json\/wp\/v2\/users\/6"}],"replies":[{"embeddable":true,"href":"https:\/\/www.opinionpublica.tv\/portada\/wp-json\/wp\/v2\/comments?post=25589"}],"version-history":[{"count":0,"href":"https:\/\/www.opinionpublica.tv\/portada\/wp-json\/wp\/v2\/posts\/25589\/revisions"}],"wp:featuredmedia":[{"embeddable":true,"href":"https:\/\/www.opinionpublica.tv\/portada\/wp-json\/wp\/v2\/media\/25588"}],"wp:attachment":[{"href":"https:\/\/www.opinionpublica.tv\/portada\/wp-json\/wp\/v2\/media?parent=25589"}],"wp:term":[{"taxonomy":"category","embeddable":true,"href":"https:\/\/www.opinionpublica.tv\/portada\/wp-json\/wp\/v2\/categories?post=25589"},{"taxonomy":"post_tag","embeddable":true,"href":"https:\/\/www.opinionpublica.tv\/portada\/wp-json\/wp\/v2\/tags?post=25589"}],"curies":[{"name":"wp","href":"https:\/\/api.w.org\/{rel}","templated":true}]}}