{"id":2558,"date":"2016-08-17T06:00:00","date_gmt":"2016-08-17T04:00:00","guid":{"rendered":"https:\/\/www.opinionpublica.tv\/portada\/2016\/08\/17\/invitan-a-exhibicion-de-autos-volks-wagen\/"},"modified":"2016-08-17T06:00:00","modified_gmt":"2016-08-17T04:00:00","slug":"invitan-a-exhibicion-de-autos-volks-wagen","status":"publish","type":"post","link":"https:\/\/www.opinionpublica.tv\/portada\/invitan-a-exhibicion-de-autos-volks-wagen\/","title":{"rendered":"Invitan a exhibici\u00f3n de autos Volks Wagen"},"content":{"rendered":"<p><img fetchpriority=\"high\" decoding=\"async\" class=\" size-full wp-image-2557\" src=\"https:\/\/www.opinionpublica.tv\/portada\/wp-content\/uploads\/2016\/08\/e3823fe2e02931eee83f491ba1ee32af.jpg\" alt=\"\" width=\"413\" height=\"224\" srcset=\"https:\/\/www.opinionpublica.tv\/portada\/wp-content\/uploads\/2016\/08\/e3823fe2e02931eee83f491ba1ee32af.jpg 413w, https:\/\/www.opinionpublica.tv\/portada\/wp-content\/uploads\/2016\/08\/e3823fe2e02931eee83f491ba1ee32af-300x163.jpg 300w\" sizes=\"(max-width: 413px) 100vw, 413px\" \/><\/p>\n<div class=\"row\">\n<div class=\"span4 wptextresize\">\n<article id=\"post-246200\" class=\"post-246200 post type-post status-publish format-video has-post-thumbnail hentry category-local tag-autos-modificados post_format-post-format-video\">\n<p style=\"text-align: justify;\">Este domingo 21 de agosto se celebrar\u00e1 la octava edici\u00f3n de la exhibici\u00f3n y concurso VDUBS Fest que tendr\u00e1 lugar en el centro recreativo Diversnte ubicado en el kil\u00f3metro 27 de la carretera a Ciudad Ju\u00e1rez, antes de la caseta Sacramento.<\/p>\n<p style=\"text-align: justify;\">Luis Ronquillo, organizador del evento se\u00f1al\u00f3 que \u00e9sta es al exhibici\u00f3n m\u00e1s importante de veh\u00edculos Volks Wagen en la cual participar\u00e1n todo los entusiastas de los autos modificados y el p\u00fablico en general en 50 categor\u00edas, que contender\u00e1n por trofeos.<\/p>\n<p style=\"text-align: justify;\">El costo del evento ser\u00e1 de 40 pesos para el p\u00fablico en general y de 270 para los participantes del concurso, quienes adem\u00e1s recibir\u00e1n playera, dos entradas al evento, calcoman\u00eda y derecho a jueceo.<\/p>\n<\/article>\n<\/div>\n<\/div>\n<div class=\"row hidden-phone\">\u00a0<\/div>\n","protected":false},"excerpt":{"rendered":"<p>Este domingo 21 de agosto se celebrar\u00e1 la octava edici\u00f3n de la exhibici\u00f3n y concurso VDUBS Fest que tendr\u00e1 lugar en el centro recreativo Diversnte ubicado en el kil\u00f3metro 27 de la carretera a Ciudad Ju\u00e1rez, antes de la caseta Sacramento. Luis Ronquillo, organizador del evento se\u00f1al\u00f3 que \u00e9sta es al exhibici\u00f3n m\u00e1s importante de [&hellip;]<\/p>\n","protected":false},"author":1,"featured_media":2557,"comment_status":"open","ping_status":"open","sticky":false,"template":"","format":"standard","meta":{"_acf_changed":false,"_monsterinsights_skip_tracking":false,"slim_seo":{"title":"Invitan a exhibici\u00f3n de autos Volks Wagen - Opini\u00f3n P\u00fablica","description":"Este domingo 21 de agosto se celebrar\u00e1 la octava edici\u00f3n de la exhibici\u00f3n y concurso VDUBS Fest que tendr\u00e1 lugar en el centro recreativo Diversnte ubicado en el"},"footnotes":""},"categories":[4],"tags":[],"class_list":["post-2558","post","type-post","status-publish","format-standard","has-post-thumbnail","hentry","category-pulsopolitico"],"acf":[],"_links":{"self":[{"href":"https:\/\/www.opinionpublica.tv\/portada\/wp-json\/wp\/v2\/posts\/2558","targetHints":{"allow":["GET"]}}],"collection":[{"href":"https:\/\/www.opinionpublica.tv\/portada\/wp-json\/wp\/v2\/posts"}],"about":[{"href":"https:\/\/www.opinionpublica.tv\/portada\/wp-json\/wp\/v2\/types\/post"}],"author":[{"embeddable":true,"href":"https:\/\/www.opinionpublica.tv\/portada\/wp-json\/wp\/v2\/users\/1"}],"replies":[{"embeddable":true,"href":"https:\/\/www.opinionpublica.tv\/portada\/wp-json\/wp\/v2\/comments?post=2558"}],"version-history":[{"count":0,"href":"https:\/\/www.opinionpublica.tv\/portada\/wp-json\/wp\/v2\/posts\/2558\/revisions"}],"wp:featuredmedia":[{"embeddable":true,"href":"https:\/\/www.opinionpublica.tv\/portada\/wp-json\/wp\/v2\/media\/2557"}],"wp:attachment":[{"href":"https:\/\/www.opinionpublica.tv\/portada\/wp-json\/wp\/v2\/media?parent=2558"}],"wp:term":[{"taxonomy":"category","embeddable":true,"href":"https:\/\/www.opinionpublica.tv\/portada\/wp-json\/wp\/v2\/categories?post=2558"},{"taxonomy":"post_tag","embeddable":true,"href":"https:\/\/www.opinionpublica.tv\/portada\/wp-json\/wp\/v2\/tags?post=2558"}],"curies":[{"name":"wp","href":"https:\/\/api.w.org\/{rel}","templated":true}]}}