{"id":25571,"date":"2021-01-10T07:00:00","date_gmt":"2021-01-10T06:00:00","guid":{"rendered":"https:\/\/www.opinionpublica.tv\/portada\/2021\/01\/10\/arranca-juan-carlos-loera-su-precampana-en-ciudad-juarez\/"},"modified":"2021-01-10T07:00:00","modified_gmt":"2021-01-10T06:00:00","slug":"arranca-juan-carlos-loera-su-precampana-en-ciudad-juarez","status":"publish","type":"post","link":"https:\/\/www.opinionpublica.tv\/portada\/arranca-juan-carlos-loera-su-precampana-en-ciudad-juarez\/","title":{"rendered":"Arranca Juan Carlos Loera su precampa\u00f1a en Ciudad Ju\u00e1rez"},"content":{"rendered":"<p><img fetchpriority=\"high\" decoding=\"async\" class=\" size-full wp-image-25570\" src=\"https:\/\/www.opinionpublica.tv\/portada\/wp-content\/uploads\/2021\/01\/4dae6cf74b5da90083e567687c5b059d.jpg\" alt=\"\" class=\"caption\" title=\"Juan Carlos Loera de la Rosa, precandidato de Morena a la gubernatura de Chihuahua.\" width=\"1280\" height=\"853\" srcset=\"https:\/\/www.opinionpublica.tv\/portada\/wp-content\/uploads\/2021\/01\/4dae6cf74b5da90083e567687c5b059d.jpg 1280w, https:\/\/www.opinionpublica.tv\/portada\/wp-content\/uploads\/2021\/01\/4dae6cf74b5da90083e567687c5b059d-300x200.jpg 300w, https:\/\/www.opinionpublica.tv\/portada\/wp-content\/uploads\/2021\/01\/4dae6cf74b5da90083e567687c5b059d-1024x682.jpg 1024w, https:\/\/www.opinionpublica.tv\/portada\/wp-content\/uploads\/2021\/01\/4dae6cf74b5da90083e567687c5b059d-768x512.jpg 768w\" sizes=\"(max-width: 1280px) 100vw, 1280px\" \/><br \/>\n<!--more--><\/p>\n<p style=\"text-align: justify;\"><em>Ciudad Ju\u00e1rez, Chih<\/em>.- El coordinador estatal para la Defensa de la Cuarta Transformaci\u00f3n, Juan Carlos Loera de la Rosa, arranc\u00f3 este domingo en Ciudad Ju\u00e1rez su precampa\u00f1a por la gubernatura de Chihuahua.<\/p>\n<p style=\"text-align: justify;\">El ex delegado del Bienestar en la entidad, inici\u00f3 tambi\u00e9n lo que llam\u00f3 una consulta \u201cMi prioridad Eres T\u00fa\u201d, a fin de conocer \u201cel Chihuahua que el pueblo quiere\u201d.<\/p>\n<p style=\"text-align: justify;\">\u201cA partir de la instalaci\u00f3n de la Cuarta Transformaci\u00f3n terminan las injusticias e inician las grandes conquistas del pueblo, como en la Revoluci\u00f3n Mexicana. Y como en el 2018 que aqu\u00ed inici\u00f3 el camino a la victoria, tambi\u00e9n aqu\u00ed estamos iniciando el camino a la victoria por la gubernatura del estado de Chihuahua\u201d,<\/p>\n<p style=\"text-align: justify;\">asegur\u00f3.<\/p>\n<p style=\"text-align: justify;\">En el acto realizado en el Monumento a Benito Ju\u00e1rez, dio a conocer que inici\u00f3 un reencuentro con la militancia y fundadores del partido, as\u00ed como recorridos por el estado casa por casa visitando a militantes y simpatizantes.<\/p>\n<p style=\"text-align: justify;\">\u201cHe iniciado, luego de dos a\u00f1os de estar alejado del partido del cual soy orgullosamente fundador, un reencuentro con todos ustedes, con la militancia, con los l\u00edderes, con los fundadores y tambi\u00e9n con los compa\u00f1eros y compa\u00f1eras que participaron en la encuesta para seleccionar al coordinador de la Defensa de la Cuarta Transformaci\u00f3n. Hay un gran \u00e1nimo y estamos comprometidos con la unidad\u201d, dijo.<\/p>\n<p style=\"text-align: justify;\">Loera se\u00f1al\u00f3 que estar\u00e1 visitando en sus casas y municipios a los militantes y simpatizantes de Morena que se cuentan por miles y miles. \u201cY he percibido con gran satisfacci\u00f3n que hay un gran apoyo al presidente Andr\u00e9s Manuel L\u00f3pez Obrador\u201d.<\/p>\n","protected":false},"excerpt":{"rendered":"","protected":false},"author":6,"featured_media":25570,"comment_status":"open","ping_status":"open","sticky":false,"template":"","format":"standard","meta":{"_acf_changed":false,"_monsterinsights_skip_tracking":false,"slim_seo":{"title":"Arranca Juan Carlos Loera su precampa\u00f1a en Ciudad Ju\u00e1rez - Opini\u00f3n P\u00fablica","description":"Ciudad Ju\u00e1rez, Chih .- El coordinador estatal para la Defensa de la Cuarta Transformaci\u00f3n, Juan Carlos Loera de la Rosa, arranc\u00f3 este domingo en Ciudad Ju\u00e1rez s"},"footnotes":""},"categories":[5],"tags":[],"class_list":["post-25571","post","type-post","status-publish","format-standard","has-post-thumbnail","hentry","category-frontera"],"acf":[],"_links":{"self":[{"href":"https:\/\/www.opinionpublica.tv\/portada\/wp-json\/wp\/v2\/posts\/25571","targetHints":{"allow":["GET"]}}],"collection":[{"href":"https:\/\/www.opinionpublica.tv\/portada\/wp-json\/wp\/v2\/posts"}],"about":[{"href":"https:\/\/www.opinionpublica.tv\/portada\/wp-json\/wp\/v2\/types\/post"}],"author":[{"embeddable":true,"href":"https:\/\/www.opinionpublica.tv\/portada\/wp-json\/wp\/v2\/users\/6"}],"replies":[{"embeddable":true,"href":"https:\/\/www.opinionpublica.tv\/portada\/wp-json\/wp\/v2\/comments?post=25571"}],"version-history":[{"count":0,"href":"https:\/\/www.opinionpublica.tv\/portada\/wp-json\/wp\/v2\/posts\/25571\/revisions"}],"wp:featuredmedia":[{"embeddable":true,"href":"https:\/\/www.opinionpublica.tv\/portada\/wp-json\/wp\/v2\/media\/25570"}],"wp:attachment":[{"href":"https:\/\/www.opinionpublica.tv\/portada\/wp-json\/wp\/v2\/media?parent=25571"}],"wp:term":[{"taxonomy":"category","embeddable":true,"href":"https:\/\/www.opinionpublica.tv\/portada\/wp-json\/wp\/v2\/categories?post=25571"},{"taxonomy":"post_tag","embeddable":true,"href":"https:\/\/www.opinionpublica.tv\/portada\/wp-json\/wp\/v2\/tags?post=25571"}],"curies":[{"name":"wp","href":"https:\/\/api.w.org\/{rel}","templated":true}]}}