{"id":25569,"date":"2021-01-11T07:00:00","date_gmt":"2021-01-11T06:00:00","guid":{"rendered":"https:\/\/www.opinionpublica.tv\/portada\/2021\/01\/11\/los-axiomas-de-la-transicion-democratica\/"},"modified":"2021-01-11T07:00:00","modified_gmt":"2021-01-11T06:00:00","slug":"los-axiomas-de-la-transicion-democratica","status":"publish","type":"post","link":"https:\/\/www.opinionpublica.tv\/portada\/los-axiomas-de-la-transicion-democratica\/","title":{"rendered":"Los axiomas de la transici\u00f3n democr\u00e1tica"},"content":{"rendered":"<p><img fetchpriority=\"high\" decoding=\"async\" class=\" size-full wp-image-25568\" src=\"https:\/\/www.opinionpublica.tv\/portada\/wp-content\/uploads\/2021\/01\/bfc2ffd7edd3ecbe5270e86d74082d66.jpg\" alt=\"\" width=\"215\" height=\"241\" \/><\/p>\n<p style=\"text-align: justify;\">A lo largo de m\u00e1s de 25 a\u00f1os de comportamiento electoral analizados en el municipio de Ju\u00e1rez, Chihuahua, se han observado \u00a0axiomas que representan la continuidad del sistema pol\u00edtico mexicano. La transici\u00f3n a la democracia est\u00e1 en dicho periodo, hubo alternancia en el poder pol\u00edtico a nivel federal, estatal y municipal. Cosa que no ha ocurrido en todos los municipios del pa\u00eds, no se diga en algunas entidades federativas donde el PRI siendo el partido dominante m\u00e1s no hegem\u00f3nico.<\/p>\n<p><!--more--><\/p>\n<p style=\"text-align: justify;\">Los resultados electorales aislados no tienen significancia cuando se estudian de manera separada, en su conjunto nos permiten observar lo inobservable a simple vista, es decir la tradici\u00f3n de la participaci\u00f3n ciudadana o bien lo que conocemos como el \u201ccomportamiento electoral\u201d. Cada proceso electoral ha sido y parece ser, seguir\u00e1 siendo diferente.<\/p>\n<p style=\"text-align: justify;\">Desde 1983, cuando el Partido Acci\u00f3n Nacional (PAN) gan\u00f3 las principales alcald\u00edas en el estado de Chihuahua y hasta la llegada al poder de los candidatos independientes (2018) se ha observado como una variable independiente al Partido Revolucionario Institucional (PRI). En este sentido es el PRI el que pierde o gana, como actor principal de la contienda electoral\u2026 hasta este momento (2018).<\/p>\n<p style=\"text-align: justify;\">El a\u00f1o 2018 vino a trastocar ese comportamiento electoral con una muy alta participaci\u00f3n ciudadana con el 48.5%, at\u00edpica porque estuvimos teniendo tasas de participaci\u00f3n de un 29 y 30 por ciento hasta el a\u00f1o 2015. En el 2016 subi\u00f3 en n\u00fameros redondos a un 42%. Lo que provoc\u00f3 que los primeros axiomas observados se repitieran como una ley. En una elecci\u00f3n presidencial sube la tasa de participaci\u00f3n, en elecciones intermedias, baja dicha participaci\u00f3n. Igual fen\u00f3meno ten\u00edamos en el anterior calendario electoral, donde en elecci\u00f3n de gobernador hab\u00eda un aumento de la participaci\u00f3n y en un proceso intermedio local, bajaba la participaci\u00f3n (axiomas principales).<\/p>\n<p style=\"text-align: justify;\">Al recorrer el calendario electoral para empatar procesos electorales federales y locales, cambi\u00f3 esa din\u00e1mica y ahora solo tendremos elecciones regulares cada 3 a\u00f1os. Es de esperarse que la tasa de participaci\u00f3n de este 2021 sea igual o semejante a la del 2016 con un 42% de ciudadanos que salgan a votar. De acuerdo a estas cifras, uno de cada cuatro ciudadanos ser\u00e1 el que defina el rumbo del estado y concretamente el de Ciudad Ju\u00e1rez.<\/p>\n<p style=\"text-align: justify;\">Por cierto, la fecha para solicitar la renovaci\u00f3n y\/o actualizaci\u00f3n de la credencial de elector vence el pr\u00f3ximo 10 de febrero, es importante que antes de acudir saquen cita de atenci\u00f3n y verifiquen los documentos a presentar, entre ellos acta de nacimiento, comprobantes de domicilio y una identificaci\u00f3n vigente, la liga donde pueden sacar la cita es en\u00a0<a href=\"https:\/\/app-inter.ife.org.mx\/siac2011\/citas_initCapturaCitas.siac\">https:\/\/app-inter.ife.org.mx\/siac2011\/citas_initCapturaCitas.siac<\/a>.<\/p>\n<p style=\"text-align: justify;\">En el a\u00f1o 2021 habr\u00e1 elecciones para elegir en el plano federal a los integrantes de la C\u00e1mara de Diputados. Ser\u00e1n 300 de mayor\u00eda relativa y 200 de representaci\u00f3n proporcional. Adem\u00e1s, se elegir\u00e1 a la figura del Gobernador del estado, 67 Ayuntamientos, 33 Diputados locales y 67 S\u00edndicos.\u00a0Tan s\u00f3lo para la elecci\u00f3n de Ayuntamiento hay una veintena de suspirantes que buscan suplir al alcalde Armando Cabada Alv\u00eddrez.<\/p>\n<p style=\"text-align: justify;\">Los n\u00fameros hablan y en este tema, es calculable el n\u00famero de candidatos que habr\u00e1 en las boletas impresas del primer domingo de junio. 8 candidatos a gobernador, 9 candidatos al ayuntamiento, 9 candidatos a la sindicatura y un total de 97 candidatos a diputados por el municipio de Ju\u00e1rez en sus 9 distritos electorales. Es decir, 123 candidatos a cargos de elecci\u00f3n de primer nivel\u2026 si sumamos a los regidores, ser\u00e1n 99 nuevos candidatos adem\u00e1s de los suplentes que nos da un gran total de 436 candidatos a un cargo de elecci\u00f3n\u2026 sin contar los candidatos a una diputaci\u00f3n federal.<\/p>\n<p style=\"text-align: justify;\">Entre esta numerolog\u00eda electoral se escribir\u00e1n los nuevos axiomas, se rompen los viejos esquemas en donde el punto de inflexi\u00f3n era la alta o baja tasa de participaci\u00f3n que determinaba la victoria o derrota de los partidos pol\u00edticos.<\/p>\n<p style=\"text-align: justify;\">\u00bfQui\u00e9nes estar\u00e1n en la boleta electoral a la presidencia? Es una interrogante que nos hacemos, ya hay algunos muy definidos como el caso de Rodolfo Mart\u00ednez Ortega por Movimiento Ciudadano; Antonio Andreu por el Verde; Marisela S\u00e1enz por el PES;\u00a0 Benjam\u00edn Carrera o Javier Gonz\u00e1lez Mocken por Morena; Alfonso Murgu\u00eda o Jorge Alberto Espinoza por el PAN. Quien se cuelga la candidatura en un carril \u00fanico por el PRI es Adriana Fuente T\u00e9llez.<\/p>\n<p style=\"text-align: justify;\">Faltar\u00edan los partidos\u00a0 Fuerza M\u00e9xico y de Redes Progresistas para definir a sus candidatos. Por lo pronto, esperar a que la Candelaria nos de cobijo para saborear unos ricos tamales porque habr\u00e1 de rojo, queso, de dulce y de rajas como en las candidaturas. Hay para llevar. Provecho en este a\u00f1o electoral para que nos vaya bien.<\/p>\n","protected":false},"excerpt":{"rendered":"<p>A lo largo de m\u00e1s de 25 a\u00f1os de comportamiento electoral analizados en el municipio de Ju\u00e1rez, Chihuahua, se han observado \u00a0axiomas que representan la continuidad del sistema pol\u00edtico mexicano. La transici\u00f3n a la democracia est\u00e1 en dicho periodo, hubo alternancia en el poder pol\u00edtico a nivel federal, estatal y municipal. Cosa que no ha [&hellip;]<\/p>\n","protected":false},"author":6,"featured_media":25568,"comment_status":"open","ping_status":"open","sticky":false,"template":"","format":"standard","meta":{"_acf_changed":false,"_monsterinsights_skip_tracking":false,"slim_seo":{"title":"Los axiomas de la transici\u00f3n democr\u00e1tica - Opini\u00f3n P\u00fablica","description":"A lo largo de m\u00e1s de 25 a\u00f1os de comportamiento electoral analizados en el municipio de Ju\u00e1rez, Chihuahua, se han observado \u00a0axiomas que representan la continuid"},"footnotes":""},"categories":[31],"tags":[],"class_list":["post-25569","post","type-post","status-publish","format-standard","has-post-thumbnail","hentry","category-galimatias"],"acf":[],"_links":{"self":[{"href":"https:\/\/www.opinionpublica.tv\/portada\/wp-json\/wp\/v2\/posts\/25569","targetHints":{"allow":["GET"]}}],"collection":[{"href":"https:\/\/www.opinionpublica.tv\/portada\/wp-json\/wp\/v2\/posts"}],"about":[{"href":"https:\/\/www.opinionpublica.tv\/portada\/wp-json\/wp\/v2\/types\/post"}],"author":[{"embeddable":true,"href":"https:\/\/www.opinionpublica.tv\/portada\/wp-json\/wp\/v2\/users\/6"}],"replies":[{"embeddable":true,"href":"https:\/\/www.opinionpublica.tv\/portada\/wp-json\/wp\/v2\/comments?post=25569"}],"version-history":[{"count":0,"href":"https:\/\/www.opinionpublica.tv\/portada\/wp-json\/wp\/v2\/posts\/25569\/revisions"}],"wp:featuredmedia":[{"embeddable":true,"href":"https:\/\/www.opinionpublica.tv\/portada\/wp-json\/wp\/v2\/media\/25568"}],"wp:attachment":[{"href":"https:\/\/www.opinionpublica.tv\/portada\/wp-json\/wp\/v2\/media?parent=25569"}],"wp:term":[{"taxonomy":"category","embeddable":true,"href":"https:\/\/www.opinionpublica.tv\/portada\/wp-json\/wp\/v2\/categories?post=25569"},{"taxonomy":"post_tag","embeddable":true,"href":"https:\/\/www.opinionpublica.tv\/portada\/wp-json\/wp\/v2\/tags?post=25569"}],"curies":[{"name":"wp","href":"https:\/\/api.w.org\/{rel}","templated":true}]}}