{"id":25551,"date":"2021-01-11T07:00:00","date_gmt":"2021-01-11T06:00:00","guid":{"rendered":"https:\/\/www.opinionpublica.tv\/portada\/2021\/01\/11\/efemerides-11-de-enero-5\/"},"modified":"2021-01-11T07:00:00","modified_gmt":"2021-01-11T06:00:00","slug":"efemerides-11-de-enero-5","status":"publish","type":"post","link":"https:\/\/www.opinionpublica.tv\/portada\/efemerides-11-de-enero-5\/","title":{"rendered":"Efem\u00e9rides 11 de enero"},"content":{"rendered":"<img fetchpriority=\"high\" decoding=\"async\" class=\" size-full wp-image-25550\" src=\"https:\/\/www.opinionpublica.tv\/portada\/wp-content\/uploads\/2021\/01\/8ac1aac5e49eb7515f2622c155e89617.jpg\" alt=\"\" class=\"caption\" title=\"El ej\u00e9rcito liberal encabezado por el presidente Benito Ju\u00e1rez entra a la Ciudad de M\u00e9xico.\" width=\"241\" height=\"209\" \/>\n<p style=\"text-align: justify;\">Un d\u00eda 11 de enero como hoy, pero de 1861, el ej\u00e9rcito liberal entra en la capital de M\u00e9xico poniendo fin a la guerra. El presidente Benito Ju\u00e1rez impone las Leyes de Reforma en todo el pa\u00eds.<\/p>\n<p><!--more--><\/p>\n<p style=\"text-align: justify;\"><strong>M\u00e1s efem\u00e9rides<\/strong><\/p>\n<p style=\"text-align: justify;\">1565.- El conquistador espa\u00f1ol L\u00f3pez de Legazpi toma posesi\u00f3n de las islas Marshall (Carolinas Orientales).<\/p>\n<p style=\"text-align: justify;\">1858.- Sublevaci\u00f3n contra el gobierno constitucional del presidente mexicano Ignacio Comonfort. Los rebeldes bombardean la ciudad de M\u00e9xico.<\/p>\n<p style=\"text-align: justify;\">1866.- Naufragio en el Golfo de Vizcaya del barco de pasajeros ingl\u00e9s \u00abLondon\u00bb, en el que perecen ahogadas 220 personas.<\/p>\n<p style=\"text-align: justify;\">1875.- Alfonso XII desembarca en Valencia, procedente de Barcelona, y emprende el camino de Madrid para ocupar el trono de Espa\u00f1a.<\/p>\n<p style=\"text-align: justify;\">1913.- Proclamaci\u00f3n de la independencia del T\u00edbet.<\/p>\n<p style=\"text-align: justify;\">1929.- Se implanta en la URSS la jornada laboral de siete horas.<\/p>\n<p style=\"text-align: justify;\">1936.- La C\u00e1mara de Representantes de la Rep\u00fablica Dominicana aprueba una ley por la que se cambia el nombre de la capital, Santo Domingo, por el de Ciudad Trujillo, por iniciativa del presidente de la Rep\u00fablica, Rafael Le\u00f3nidas Trujillo.<\/p>\n<p style=\"text-align: justify;\">1946.- Tras ganar las elecciones el Frente Democr\u00e1tico Nacional, de Enver Hoxa, proclama la Rep\u00fablica Popular de Albania, que pasa a ser gobernada por los comunistas.<\/p>\n<p style=\"text-align: justify;\">1949.- Nace Francisco Ignacio Taibo, conocido como Paco Ignacio Taibo II, escritor mexicano nacido en Espa\u00f1a.<\/p>\n<p style=\"text-align: justify;\">1954.- Firma del Manifiesto de la Independencia de Marruecos, que se conmemora como fiesta nacional en el pa\u00eds.<\/p>\n<p style=\"text-align: justify;\">1955.- Rebeldes costarricenses, acaudillados por Calder\u00f3n Guardia, intentan invadir Costa Rica desde Nicaragua, pero fracasan en la empresa.<\/p>\n<p style=\"text-align: justify;\">1971.- La Armada de Estados Unidos cede a Puerto Rico casi todo el control de la isla de Culebra.<\/p>\n<p style=\"text-align: justify;\">1975.- Nace Matteo Renzi, primer ministro de Italia.<\/p>\n<p style=\"text-align: justify;\">1984.- Salvador Dal\u00ed anuncia la creaci\u00f3n de la fundaci\u00f3n Gala-Salvador Dal\u00ed y la donaci\u00f3n de 621 de sus obras.<\/p>\n<p style=\"text-align: justify;\">1987.- Europa, afectada por una ola de fr\u00edo. En una semana hubo 70 v\u00edctimas, la mayor\u00eda de ellas en la URSS.<\/p>\n<p style=\"text-align: justify;\">1992.- Dimite el presidente argelino, Chadli Benyedid.<\/p>\n<p style=\"text-align: justify;\">1999.- Fallece Josefina Pl\u00e1, escritora y periodista hispano-paraguaya.<\/p>\n<p style=\"text-align: justify;\">2002.- Llegan a la base de Guant\u00e1namo los 20 primeros prisioneros de Al Qaeda desde Kandahar (Afganist\u00e1n).<\/p>\n<p style=\"text-align: justify;\">2002.- El gigante automovil\u00edstico Ford cierra f\u00e1bricas y despide a 35 mil trabajadores en todo el mundo.<\/p>\n<p style=\"text-align: justify;\">2003.- El gobernador de Illinois, George Ryan, se despide conmutando 156 sentencias a muerte.<\/p>\n<p style=\"text-align: justify;\">2005.- Fallece Fabrizio Meoni, motociclista italiano (muri\u00f3 de un paro cardiaco en el rally Barcelona-Dakar).<\/p>\n<p style=\"text-align: justify;\">2006.- Nursult\u00e1n Nazarbay\u00e9v jura su cargo como presidente de Kazajist\u00e1n, en un nuevo mandato.<\/p>\n<p style=\"text-align: justify;\">2006.- Muere Henri Rieben, profesor suizo, precursor de la unidad europea.<\/p>\n<p style=\"text-align: justify;\">2008.- Fallece Edmund Hillary, monta\u00f1ero neozeland\u00e9s, primero en coronar el Everest.<\/p>\n<p style=\"text-align: justify;\">2009.- Desaparecen 246 personas tras naufragar un transbordador en la isla C\u00e9lebes (Indonesia).<\/p>\n<p style=\"text-align: justify;\">2013.- Francia inicia una intervenci\u00f3n militar en Mali, contra el avance islamista.<\/p>\n<p style=\"text-align: justify;\">2014.- Un incendio destruye gran parte de la hist\u00f3rica localidad tibetana de Dukezong.<\/p>\n<p style=\"text-align: justify;\">2014.- Fallece Ariel Shar\u00f3n, ex primer ministro israel\u00ed (llevaba en coma desde 2006).<\/p>\n<p style=\"text-align: justify;\">\u00a0<\/p>\n","protected":false},"excerpt":{"rendered":"<p>Un d\u00eda 11 de enero como hoy, pero de 1861, el ej\u00e9rcito liberal entra en la capital de M\u00e9xico poniendo fin a la guerra. El presidente Benito Ju\u00e1rez impone las Leyes de Reforma en todo el pa\u00eds.<\/p>\n","protected":false},"author":6,"featured_media":25550,"comment_status":"open","ping_status":"open","sticky":false,"template":"","format":"standard","meta":{"_acf_changed":false,"_monsterinsights_skip_tracking":false,"slim_seo":{"title":"Efem\u00e9rides 11 de enero - Opini\u00f3n P\u00fablica","description":"Un d\u00eda 11 de enero como hoy, pero de 1861, el ej\u00e9rcito liberal entra en la capital de M\u00e9xico poniendo fin a la guerra. El presidente Benito Ju\u00e1rez impone las Le"},"footnotes":""},"categories":[27],"tags":[],"class_list":["post-25551","post","type-post","status-publish","format-standard","has-post-thumbnail","hentry","category-un-dia-como-hoy"],"acf":[],"_links":{"self":[{"href":"https:\/\/www.opinionpublica.tv\/portada\/wp-json\/wp\/v2\/posts\/25551","targetHints":{"allow":["GET"]}}],"collection":[{"href":"https:\/\/www.opinionpublica.tv\/portada\/wp-json\/wp\/v2\/posts"}],"about":[{"href":"https:\/\/www.opinionpublica.tv\/portada\/wp-json\/wp\/v2\/types\/post"}],"author":[{"embeddable":true,"href":"https:\/\/www.opinionpublica.tv\/portada\/wp-json\/wp\/v2\/users\/6"}],"replies":[{"embeddable":true,"href":"https:\/\/www.opinionpublica.tv\/portada\/wp-json\/wp\/v2\/comments?post=25551"}],"version-history":[{"count":0,"href":"https:\/\/www.opinionpublica.tv\/portada\/wp-json\/wp\/v2\/posts\/25551\/revisions"}],"wp:featuredmedia":[{"embeddable":true,"href":"https:\/\/www.opinionpublica.tv\/portada\/wp-json\/wp\/v2\/media\/25550"}],"wp:attachment":[{"href":"https:\/\/www.opinionpublica.tv\/portada\/wp-json\/wp\/v2\/media?parent=25551"}],"wp:term":[{"taxonomy":"category","embeddable":true,"href":"https:\/\/www.opinionpublica.tv\/portada\/wp-json\/wp\/v2\/categories?post=25551"},{"taxonomy":"post_tag","embeddable":true,"href":"https:\/\/www.opinionpublica.tv\/portada\/wp-json\/wp\/v2\/tags?post=25551"}],"curies":[{"name":"wp","href":"https:\/\/api.w.org\/{rel}","templated":true}]}}