{"id":25541,"date":"2021-01-03T07:00:00","date_gmt":"2021-01-03T06:00:00","guid":{"rendered":"https:\/\/www.opinionpublica.tv\/portada\/2021\/01\/03\/mexico-2020-los-eventos-que-destacaron\/"},"modified":"2021-01-03T07:00:00","modified_gmt":"2021-01-03T06:00:00","slug":"mexico-2020-los-eventos-que-destacaron","status":"publish","type":"post","link":"https:\/\/www.opinionpublica.tv\/portada\/mexico-2020-los-eventos-que-destacaron\/","title":{"rendered":"M\u00e9xico 2020, los eventos que destacaron"},"content":{"rendered":"<img fetchpriority=\"high\" decoding=\"async\" class=\" size-full wp-image-25540\" src=\"https:\/\/www.opinionpublica.tv\/portada\/wp-content\/uploads\/2021\/01\/79d29e9e2dde2a2cab2e953b1ffc00b7.jpg\" alt=\"\" class=\"caption\" title=\"Roy Campos Esquerra.\" width=\"270\" height=\"270\" srcset=\"https:\/\/www.opinionpublica.tv\/portada\/wp-content\/uploads\/2021\/01\/79d29e9e2dde2a2cab2e953b1ffc00b7.jpg 270w, https:\/\/www.opinionpublica.tv\/portada\/wp-content\/uploads\/2021\/01\/79d29e9e2dde2a2cab2e953b1ffc00b7-150x150.jpg 150w\" sizes=\"(max-width: 270px) 100vw, 270px\" \/>\n<p style=\"text-align: justify;\">Pocas dudas hay de cu\u00e1l fue el principal evento de 2020, sin embargo podemos desglosar y buscar temas alternos alrededor de la pandemia que nos toc\u00f3 vivir este desgraciado a\u00f1o, la selecci\u00f3n que como cada a\u00f1o hago en este espacio es personal as\u00ed que cada quien puede eliminar y agregar la que desee, en orden decreciente:<\/p>\n<p><!--more--><\/p>\n<p style=\"text-align: justify;\">12.- Alianzas partidistas y gobernadores federalistas. Ante el gran poder pol\u00edtico, econ\u00f3mico y medi\u00e1tico del presidente L\u00f3pez Obrador y para contener el avance de Morena, vimos alianzas impensables y uniones de gobernadores que plantean un nuevo pacto fiscal.<\/p>\n<p style=\"text-align: justify;\">11.- Padres de ni\u00f1os con c\u00e1ncer. Este movimiento inicia desde 2019 y durante este a\u00f1o no dej\u00f3 de manifestarse en demanda de atenci\u00f3n, el gobierno no ha sido capaz de hacer empat\u00eda y satisfacer algo que parecer\u00eda tan sencillo pero que se ha complicado por la mala relaci\u00f3n entre el gobierno y las farmac\u00e9uticas.<\/p>\n<p style=\"text-align: justify;\">10.- Inseguridad. Este gobierno hered\u00f3 una situaci\u00f3n tremenda en materia de inseguridad y en forma espec\u00edfica en homicidios; la propaganda oficial ha tratado de convencernos de que se ha \u201ccontenido el crecimiento\u201d o que \u201chubo un punto de inflexi\u00f3n\u201d, que no es otra cosa que decir que \u201cse mantiene el problema como nos lo dejaron\u201d, dif\u00edcilmente puede llamarse un \u00e9xito a esto.<\/p>\n<p style=\"text-align: justify;\">9.- Biden\/Harris. La elecci\u00f3n en EUA gener\u00f3 como nunca atenci\u00f3n en M\u00e9xico (y tal vez en el mundo), muchas cosas contribuyeron a ello: la \u00fanica salida al extranjero de nuestro presidente ha sido a visitar a Trump; los dem\u00f3cratas sintieron que el apoyo del gobierno de M\u00e9xico era para los republicanos; L\u00f3pez Obrador hab\u00eda logrado establecer una buena relaci\u00f3n con Trump, y en el contexto de EUA aparece la primera mujer en la vicepresidencia y una clara aspirante a la candidatura en 2024.<\/p>\n<p style=\"text-align: justify;\">8.- Movimientos feministas. Aun antes de la llegada de la pandemia, el incremento de feminicidios y algunos casos paradigm\u00e1ticos de violencia y abusos contra las mujeres motivaron un justificado movimiento feminista que no fue atendido ni procesado adecuadamente, este tema no ha terminado y seguramente lo veremos aparecer en 2021 porque no hay soluci\u00f3n a sus reclamos.<\/p>\n<p style=\"text-align: justify;\">7.- El Ej\u00e9rcito. En 2020 esta instituci\u00f3n tom\u00f3 una relevancia como nunca, el presidente se apoy\u00f3 en ella no s\u00f3lo para cuestiones de seguridad al ser la base de la nueva Guardia Nacional, sino que le encomend\u00f3 coordinar la construcci\u00f3n del nuevo aeropuerto, trasladar valores a la nueva red del Banco del Bienestar, controlar las aduanas, etc, etc.<\/p>\n<p style=\"text-align: justify;\">6.- Emilio Lozoya y Rosario Robles; dos importantes funcionarios de alt\u00edsimo nivel del gobierno anterior, despu\u00e9s de ser detenidos, se asumieron al \u201ccriterio de oportunidad\u201d donde se comprometen a declararse culpables, decir lo que saben y entregar pruebas contra funcionarios mayores, pero resulta que en esa categor\u00eda no hay muchos, y s\u00ed aparece el expresidente Pe\u00f1a Nieto, es un tema que genera morbo y est\u00e1 en proceso.<\/p>\n<p style=\"text-align: justify;\">5.- Ebrard y L\u00f3pez Gatell se volvieron las estrellas del gabinete; el primero de ellos con los convenios y \u00e9xitos al conseguir que M\u00e9xico tuviera las vacunas adem\u00e1s de que su comportamiento no le gener\u00f3 cr\u00edticas, tuvo una alta exposici\u00f3n y con poca negatividad; el caso de L\u00f3pez Gatell es distinto, su sobreexposici\u00f3n fue contraproducente porque todas las cr\u00edticas al manejo de la crisis pasan por sus dichos; la cantidad de cosas que dijo en todo el a\u00f1o se contradicen unas a otras, algunas frases lo perseguir\u00e1n como las contrastantes declaraciones sobre el cubrebocas, los pron\u00f3sticos iniciales que r\u00e1pidamente se rebasaron o lo de decir \u201cla fuerza del presidente es moral y no de contagio\u201d<\/p>\n<p style=\"text-align: justify;\">4.- La ca\u00edda econ\u00f3mica. La pandemia no solo ha causado muertes, sino pobreza, desempleo, negocios cerrados, planes incumplidos y todo por la ca\u00edda de casi nueve puntos porcentuales de la econom\u00eda; ese dato, que parece solo una cifra, implica pobreza y a\u00f1os para recuperarnos.<\/p>\n<p style=\"text-align: justify;\">3.- Vacunas y cubrebocas. Dos debates que no deb\u00edan tenerse, la salvadora de la humanidad, como nunca, ha demostrado que es la ciencia, pero los pol\u00edticos volvieron algo que ten\u00eda que ser tan sencillo una declaraci\u00f3n pol\u00edtica cuando el presidente decide no utilizar ni promover con \u00e9nfasis el cubrebocas, su vocero no se atreve a criticarlo y sus seguidores no reciben el ejemplo que era necesario; las vacunas tambi\u00e9n se vuelven parte del debate por la expectativa que despiertan.<\/p>\n<p style=\"text-align: justify;\">2.- L\u00f3pez Obrador. Sin duda, la escena nacional no se entiende desde hace a\u00f1os sin el actual presidente, pero hoy como nunca llena todos los espacios, fija agenda, da l\u00ednea al Congreso, genera amores y odios y no tiene enfrente a nadie que le haga sombra, ni de su partido ni de la oposici\u00f3n ni de la sociedad civil.<\/p>\n<p style=\"text-align: justify;\">1.- Por \u00faltimo, el COVID19, \u00bfc\u00f3mo negarlo? Ese maldito virus que vino a afectar todo, a matar amigos y familiares, a generar distanciamientos, pobreza, la lista de sus malditos efectos es larga y nadie se salva, es sin duda el principal y desgraciado protagonista del 2020.<\/p>\n<p style=\"text-align: justify;\">S\u00e9 que me faltaron muchos y que cada quien los detectar\u00e1, agr\u00e9guenlos, yo con estos me quedo.<\/p>\n<p style=\"text-align: justify;\">\u00a0<\/p>\n","protected":false},"excerpt":{"rendered":"<p>Pocas dudas hay de cu\u00e1l fue el principal evento de 2020, sin embargo podemos desglosar y buscar temas alternos alrededor de la pandemia que nos toc\u00f3 vivir este desgraciado a\u00f1o, la selecci\u00f3n que como cada a\u00f1o hago en este espacio es personal as\u00ed que cada quien puede eliminar y agregar la que desee, en orden [&hellip;]<\/p>\n","protected":false},"author":6,"featured_media":25540,"comment_status":"open","ping_status":"open","sticky":false,"template":"","format":"standard","meta":{"_acf_changed":false,"_monsterinsights_skip_tracking":false,"slim_seo":{"title":"M\u00e9xico 2020, los eventos que destacaron - Opini\u00f3n P\u00fablica","description":"Pocas dudas hay de cu\u00e1l fue el principal evento de 2020, sin embargo podemos desglosar y buscar temas alternos alrededor de la pandemia que nos toc\u00f3 vivir este"},"footnotes":""},"categories":[35],"tags":[],"class_list":["post-25541","post","type-post","status-publish","format-standard","has-post-thumbnail","hentry","category-roy-campos-opina"],"acf":[],"_links":{"self":[{"href":"https:\/\/www.opinionpublica.tv\/portada\/wp-json\/wp\/v2\/posts\/25541","targetHints":{"allow":["GET"]}}],"collection":[{"href":"https:\/\/www.opinionpublica.tv\/portada\/wp-json\/wp\/v2\/posts"}],"about":[{"href":"https:\/\/www.opinionpublica.tv\/portada\/wp-json\/wp\/v2\/types\/post"}],"author":[{"embeddable":true,"href":"https:\/\/www.opinionpublica.tv\/portada\/wp-json\/wp\/v2\/users\/6"}],"replies":[{"embeddable":true,"href":"https:\/\/www.opinionpublica.tv\/portada\/wp-json\/wp\/v2\/comments?post=25541"}],"version-history":[{"count":0,"href":"https:\/\/www.opinionpublica.tv\/portada\/wp-json\/wp\/v2\/posts\/25541\/revisions"}],"wp:featuredmedia":[{"embeddable":true,"href":"https:\/\/www.opinionpublica.tv\/portada\/wp-json\/wp\/v2\/media\/25540"}],"wp:attachment":[{"href":"https:\/\/www.opinionpublica.tv\/portada\/wp-json\/wp\/v2\/media?parent=25541"}],"wp:term":[{"taxonomy":"category","embeddable":true,"href":"https:\/\/www.opinionpublica.tv\/portada\/wp-json\/wp\/v2\/categories?post=25541"},{"taxonomy":"post_tag","embeddable":true,"href":"https:\/\/www.opinionpublica.tv\/portada\/wp-json\/wp\/v2\/tags?post=25541"}],"curies":[{"name":"wp","href":"https:\/\/api.w.org\/{rel}","templated":true}]}}