{"id":25533,"date":"2021-01-01T07:00:00","date_gmt":"2021-01-01T06:00:00","guid":{"rendered":"https:\/\/www.opinionpublica.tv\/portada\/2021\/01\/01\/la-leccion-de-2020-es-aprender-a-vivir-sin-miedo-salinas-pliego\/"},"modified":"2021-01-01T07:00:00","modified_gmt":"2021-01-01T06:00:00","slug":"la-leccion-de-2020-es-aprender-a-vivir-sin-miedo-salinas-pliego","status":"publish","type":"post","link":"https:\/\/www.opinionpublica.tv\/portada\/la-leccion-de-2020-es-aprender-a-vivir-sin-miedo-salinas-pliego\/","title":{"rendered":"La lecci\u00f3n de 2020 es aprender a vivir sin miedo: Ricardo Salinas Pliego"},"content":{"rendered":"<p><img fetchpriority=\"high\" decoding=\"async\" class=\" size-full wp-image-25532\" src=\"https:\/\/www.opinionpublica.tv\/portada\/wp-content\/uploads\/2021\/01\/5663bbc03b9d15b1247ef0c5491aaa44.jpg\" alt=\"\" class=\"caption\" title=\"Ricardo Salinas Pliego, due\u00f1o de TV Azteca y Grupo Salinas.\" width=\"1000\" height=\"600\" srcset=\"https:\/\/www.opinionpublica.tv\/portada\/wp-content\/uploads\/2021\/01\/5663bbc03b9d15b1247ef0c5491aaa44.jpg 1000w, https:\/\/www.opinionpublica.tv\/portada\/wp-content\/uploads\/2021\/01\/5663bbc03b9d15b1247ef0c5491aaa44-300x180.jpg 300w, https:\/\/www.opinionpublica.tv\/portada\/wp-content\/uploads\/2021\/01\/5663bbc03b9d15b1247ef0c5491aaa44-768x461.jpg 768w\" sizes=\"(max-width: 1000px) 100vw, 1000px\" \/><br \/>\n<!--more--><\/p>\n<p style=\"text-align: justify;\"><em>Ciudad de M\u00e9xico<\/em>.- En un mensaje de fin de a\u00f1o,\u00a0Ricardo Salinas Pliego, presidente de\u00a0Grupo Salinas, destac\u00f3 la voluntad de sus\u00a0trabajadores\u00a0para salir adelante en medio de la pandemia por\u00a0Covid-19.<\/p>\n<p style=\"text-align: justify;\">\u201cA esta epidemia, junto con sus secuelas, la vamos a vencer porque la\u00a0lecci\u00f3n\u00a0m\u00e1s importante de\u00a02020\u00a0es\u00a0aprender a vivir sin miedo\u201d, escribi\u00f3 el empresario en su blog.<\/p>\n<p style=\"text-align: justify;\">El empresario mencion\u00f3 que el a\u00f1o que concluye pasar\u00e1 a los libros de historia como uno de los m\u00e1s dif\u00edciles, donde\u00a0millones de familias\u00a0se quedaron\u00a0sin sustento econ\u00f3mico\u00a0y las consecuencias de cerrar las econom\u00edas indiscriminadamente permanecer\u00e1n por muchos a\u00f1os m\u00e1s.<\/p>\n<p style=\"text-align: justify;\">\u00abEs muy f\u00e1cil aplaudir el cierre de la econom\u00eda cuando se tiene un ingreso estable y la posibilidad de trabajar desde casa. \u00c9sta es una postura elitista e irresponsable que\u00a0Grupo Salinas\u00a0no comparte.<\/p>\n<p style=\"text-align: justify;\">\u201cMillones de mexicanos en la Base de la Pir\u00e1mide no pueden hacer \u201chome-office\u201d y nuestro compromiso es apoyarlos y honrar su esfuerzo manteniendo las puertas abiertas para ellos. Esta decisi\u00f3n nos ha generado insultos y cr\u00edticas absurdas, pero aqu\u00ed predicamos con el ejemplo y asumimos las consecuencias\u00bb, dijo\u00a0Salinas Pliego, en su blog personal.<\/p>\n<p style=\"text-align: justify;\">Tambi\u00e9n coment\u00f3 que el virus no va a desaparecer ma\u00f1ana, por lo que hay que aprender a vivir con \u00e9l, porque la vida se pasa muy r\u00e1pido y debemos aprovechar cada minuto haciendo lo que nos gusta.<\/p>\n<p style=\"text-align: justify;\">En\u00a0Grupo Salinas, dijo, prefieren \u201cenfrentar al toro por los cuernos\u201d, hacer las cosas de manera distinta y los resultados est\u00e1n a la vista: m\u00e1s de 110 mil socios mantienen su fuente de empleo\u00bb.<\/p>\n<p style=\"text-align: justify;\">Ellos despliegan su enorme talento en varios pa\u00edses, en industrias tan diversas como las telecomunicaciones, seguros, banca, televisi\u00f3n abierta, televisi\u00f3n restringida, creaci\u00f3n de contenidos, comercio, generaci\u00f3n de energ\u00eda, corretaje burs\u00e1til y muchos otros sectores m\u00e1s, destac\u00f3.<\/p>\n<p style=\"text-align: justify;\">Grupo Salinas cumplir\u00e1 115 a\u00f1os de servir a M\u00e9xico y en este tiempo ha enfrentado grandes dificultades como la Revoluci\u00f3n, la Gran Depresi\u00f3n, la sucesi\u00f3n de crisis cambiarias de los a\u00f1os 80, la crisis de 1995, la Gran Recesi\u00f3n y ahora \u201cesta pandemia y las malas decisiones de algunos gobernantes autoritarios que tienen al mundo postrado\u201d, indic\u00f3.<\/p>\n<p style=\"text-align: justify;\"><em>Con informaci\u00f3n de El Universal<\/em>.<\/p>\n","protected":false},"excerpt":{"rendered":"","protected":false},"author":6,"featured_media":25532,"comment_status":"open","ping_status":"open","sticky":false,"template":"","format":"standard","meta":{"_acf_changed":false,"_monsterinsights_skip_tracking":false,"slim_seo":{"title":"La lecci\u00f3n de 2020 es aprender a vivir sin miedo: Ricardo Salinas Pliego - Opini\u00f3n P\u00fablica","description":"Ciudad de M\u00e9xico .- En un mensaje de fin de a\u00f1o,\u00a0Ricardo Salinas Pliego, presidente de\u00a0Grupo Salinas, destac\u00f3 la voluntad de sus\u00a0trabajadores\u00a0para salir adelant"},"footnotes":""},"categories":[11],"tags":[],"class_list":["post-25533","post","type-post","status-publish","format-standard","has-post-thumbnail","hentry","category-tendencias"],"acf":[],"_links":{"self":[{"href":"https:\/\/www.opinionpublica.tv\/portada\/wp-json\/wp\/v2\/posts\/25533","targetHints":{"allow":["GET"]}}],"collection":[{"href":"https:\/\/www.opinionpublica.tv\/portada\/wp-json\/wp\/v2\/posts"}],"about":[{"href":"https:\/\/www.opinionpublica.tv\/portada\/wp-json\/wp\/v2\/types\/post"}],"author":[{"embeddable":true,"href":"https:\/\/www.opinionpublica.tv\/portada\/wp-json\/wp\/v2\/users\/6"}],"replies":[{"embeddable":true,"href":"https:\/\/www.opinionpublica.tv\/portada\/wp-json\/wp\/v2\/comments?post=25533"}],"version-history":[{"count":0,"href":"https:\/\/www.opinionpublica.tv\/portada\/wp-json\/wp\/v2\/posts\/25533\/revisions"}],"wp:featuredmedia":[{"embeddable":true,"href":"https:\/\/www.opinionpublica.tv\/portada\/wp-json\/wp\/v2\/media\/25532"}],"wp:attachment":[{"href":"https:\/\/www.opinionpublica.tv\/portada\/wp-json\/wp\/v2\/media?parent=25533"}],"wp:term":[{"taxonomy":"category","embeddable":true,"href":"https:\/\/www.opinionpublica.tv\/portada\/wp-json\/wp\/v2\/categories?post=25533"},{"taxonomy":"post_tag","embeddable":true,"href":"https:\/\/www.opinionpublica.tv\/portada\/wp-json\/wp\/v2\/tags?post=25533"}],"curies":[{"name":"wp","href":"https:\/\/api.w.org\/{rel}","templated":true}]}}