{"id":25525,"date":"2021-01-01T07:00:00","date_gmt":"2021-01-01T06:00:00","guid":{"rendered":"https:\/\/www.opinionpublica.tv\/portada\/2021\/01\/01\/mexico-cierra-el-ano-con-125-mil-807-muertes-por-covid-y-1-millon-426-mil-94-contagios\/"},"modified":"2021-01-01T07:00:00","modified_gmt":"2021-01-01T06:00:00","slug":"mexico-cierra-el-ano-con-125-mil-807-muertes-por-covid-y-1-millon-426-mil-94-contagios","status":"publish","type":"post","link":"https:\/\/www.opinionpublica.tv\/portada\/mexico-cierra-el-ano-con-125-mil-807-muertes-por-covid-y-1-millon-426-mil-94-contagios\/","title":{"rendered":"M\u00e9xico cierra el a\u00f1o con 125 mil 807 muertes por Covid y 1 mill\u00f3n 426 mil 94 contagios"},"content":{"rendered":"<p><img fetchpriority=\"high\" decoding=\"async\" class=\" size-full wp-image-25524\" src=\"https:\/\/www.opinionpublica.tv\/portada\/wp-content\/uploads\/2021\/01\/086aac7f277b21e1b6327f05b2ea442d.jpg\" alt=\"\" class=\"caption\" title=\"M\u00e9xico fue el cuarto pa\u00eds con m\u00e1s muertos por coronavirus en el mundo durante el 2021.\" width=\"650\" height=\"423\" srcset=\"https:\/\/www.opinionpublica.tv\/portada\/wp-content\/uploads\/2021\/01\/086aac7f277b21e1b6327f05b2ea442d.jpg 650w, https:\/\/www.opinionpublica.tv\/portada\/wp-content\/uploads\/2021\/01\/086aac7f277b21e1b6327f05b2ea442d-300x195.jpg 300w\" sizes=\"(max-width: 650px) 100vw, 650px\" \/><br \/>\n<!--more--><\/p>\n<p style=\"text-align: justify;\"><em>Ciudad de M\u00e9xico<\/em>.- M\u00e9xico finaliz\u00f3 el 2020 con un saldo de 125 mil 807 muertos y un mill\u00f3n 426 mil 94 casos confirmados de COVID-19, inform\u00f3 este jueves la Secretar\u00eda de Salud.<\/p>\n<p style=\"text-align: justify;\">En tanto, un mill\u00f3n 74 mil 795 personas se han recuperado de la enfermedad y hay 59 mil 958 casos activos, es decir, que han presentado s\u00edntomas en los \u00faltimos 14 d\u00edas.<\/p>\n<p style=\"text-align: justify;\">Adicionalmente, hay 407 mil 909 casos sospechosos en todo el pa\u00eds.<\/p>\n<p style=\"text-align: justify;\">Las mayores comorbilidades de los pacientes con coronavirus son la hipertensi\u00f3n, la obesidad, la diabetes y el tabaquismo.<\/p>\n<p style=\"text-align: justify;\">Asimismo, el 49.56 por ciento de las personas que padecen la enfermedad son mujeres y el 50.44 por ciento son hombres.<\/p>\n<p style=\"text-align: justify;\">A nivel mundial hay 83 millones 342 mil 693 casos confirmados, as\u00ed como un mill\u00f3n 815 mil 694 muertes, seg\u00fan datos de la Universidad Johns Hopkins.<\/p>\n<p style=\"text-align: justify;\"><em>Con informaci\u00f3n de El Financiero<\/em>.<\/p>\n","protected":false},"excerpt":{"rendered":"","protected":false},"author":6,"featured_media":25524,"comment_status":"open","ping_status":"open","sticky":false,"template":"","format":"standard","meta":{"_acf_changed":false,"_monsterinsights_skip_tracking":false,"slim_seo":{"title":"M\u00e9xico cierra el a\u00f1o con 125 mil 807 muertes por Covid y 1 mill\u00f3n 426 mil 94 contagios - Opini\u00f3n P\u00fablica","description":"Ciudad de M\u00e9xico .- M\u00e9xico finaliz\u00f3 el 2020 con un saldo de 125 mil 807 muertos y un mill\u00f3n 426 mil 94 casos confirmados de COVID-19, inform\u00f3 este jueves la Sec"},"footnotes":""},"categories":[3],"tags":[],"class_list":["post-25525","post","type-post","status-publish","format-standard","has-post-thumbnail","hentry","category-principal"],"acf":[],"_links":{"self":[{"href":"https:\/\/www.opinionpublica.tv\/portada\/wp-json\/wp\/v2\/posts\/25525","targetHints":{"allow":["GET"]}}],"collection":[{"href":"https:\/\/www.opinionpublica.tv\/portada\/wp-json\/wp\/v2\/posts"}],"about":[{"href":"https:\/\/www.opinionpublica.tv\/portada\/wp-json\/wp\/v2\/types\/post"}],"author":[{"embeddable":true,"href":"https:\/\/www.opinionpublica.tv\/portada\/wp-json\/wp\/v2\/users\/6"}],"replies":[{"embeddable":true,"href":"https:\/\/www.opinionpublica.tv\/portada\/wp-json\/wp\/v2\/comments?post=25525"}],"version-history":[{"count":0,"href":"https:\/\/www.opinionpublica.tv\/portada\/wp-json\/wp\/v2\/posts\/25525\/revisions"}],"wp:featuredmedia":[{"embeddable":true,"href":"https:\/\/www.opinionpublica.tv\/portada\/wp-json\/wp\/v2\/media\/25524"}],"wp:attachment":[{"href":"https:\/\/www.opinionpublica.tv\/portada\/wp-json\/wp\/v2\/media?parent=25525"}],"wp:term":[{"taxonomy":"category","embeddable":true,"href":"https:\/\/www.opinionpublica.tv\/portada\/wp-json\/wp\/v2\/categories?post=25525"},{"taxonomy":"post_tag","embeddable":true,"href":"https:\/\/www.opinionpublica.tv\/portada\/wp-json\/wp\/v2\/tags?post=25525"}],"curies":[{"name":"wp","href":"https:\/\/api.w.org\/{rel}","templated":true}]}}