{"id":2550,"date":"2016-08-17T06:00:00","date_gmt":"2016-08-17T04:00:00","guid":{"rendered":"https:\/\/www.opinionpublica.tv\/portada\/2016\/08\/17\/a-la-baja-el-dolar-en-la-frontera\/"},"modified":"2016-08-17T06:00:00","modified_gmt":"2016-08-17T04:00:00","slug":"a-la-baja-el-dolar-en-la-frontera","status":"publish","type":"post","link":"https:\/\/www.opinionpublica.tv\/portada\/a-la-baja-el-dolar-en-la-frontera\/","title":{"rendered":"A la baja el d\u00f3lar en la frontera"},"content":{"rendered":"<p><img fetchpriority=\"high\" decoding=\"async\" class=\" size-full wp-image-2549\" src=\"https:\/\/www.opinionpublica.tv\/portada\/wp-content\/uploads\/2016\/08\/bf0a58b987aa7318ac88de52f64c5fa6.jpg\" alt=\"\" width=\"770\" height=\"433\" srcset=\"https:\/\/www.opinionpublica.tv\/portada\/wp-content\/uploads\/2016\/08\/bf0a58b987aa7318ac88de52f64c5fa6.jpg 770w, https:\/\/www.opinionpublica.tv\/portada\/wp-content\/uploads\/2016\/08\/bf0a58b987aa7318ac88de52f64c5fa6-300x169.jpg 300w, https:\/\/www.opinionpublica.tv\/portada\/wp-content\/uploads\/2016\/08\/bf0a58b987aa7318ac88de52f64c5fa6-768x432.jpg 768w\" sizes=\"(max-width: 770px) 100vw, 770px\" \/><\/p>\n<p style=\"text-align: justify;\">La moneda americana promedi\u00f3 en 18.33 pesos a la venta en bancos de esta frontera y el resto del pa\u00eds, lo que significa que baj\u00f3 4 centavos con respecto a ayer, adem\u00e1s la compra lleg\u00f3 a los 17.37 pesos.<\/p>\n<p style=\"text-align: justify;\">Por su parte en centros cambiarios, la venta promedi\u00f3 en 18.05, ya que subi\u00f3 tres centavos desde ayer.<\/p>\n<p style=\"text-align: justify;\">Sin embargo, su valor a la compra disminuy\u00f3 15 centavos, por lo cual la moneda lleg\u00f3 hasta los 17.70 pesos.<\/p>\n<p style=\"text-align: justify;\">La ma\u00f1ana de ayer martes 16 de agosto el d\u00f3lar en bancos alcanz\u00f3 los 18.37 a la venta y 17.40 la compra, as\u00ed mismo en casas de cambio cotiz\u00f3 en 18.02 pesos a la venta y a los 17.85 pesos a la compra.<\/p>\n","protected":false},"excerpt":{"rendered":"<p>La moneda americana promedi\u00f3 en 18.33 pesos a la venta en bancos de esta frontera y el resto del pa\u00eds, lo que significa que baj\u00f3 4 centavos con respecto a ayer, adem\u00e1s la compra lleg\u00f3 a los 17.37 pesos. Por su parte en centros cambiarios, la venta promedi\u00f3 en 18.05, ya que subi\u00f3 tres centavos [&hellip;]<\/p>\n","protected":false},"author":1,"featured_media":2549,"comment_status":"open","ping_status":"open","sticky":false,"template":"","format":"standard","meta":{"_acf_changed":false,"_monsterinsights_skip_tracking":false,"slim_seo":{"title":"A la baja el d\u00f3lar en la frontera - Opini\u00f3n P\u00fablica","description":"La moneda americana promedi\u00f3 en 18.33 pesos a la venta en bancos de esta frontera y el resto del pa\u00eds, lo que significa que baj\u00f3 4 centavos con respecto a ayer,"},"footnotes":""},"categories":[5],"tags":[],"class_list":["post-2550","post","type-post","status-publish","format-standard","has-post-thumbnail","hentry","category-frontera"],"acf":[],"_links":{"self":[{"href":"https:\/\/www.opinionpublica.tv\/portada\/wp-json\/wp\/v2\/posts\/2550","targetHints":{"allow":["GET"]}}],"collection":[{"href":"https:\/\/www.opinionpublica.tv\/portada\/wp-json\/wp\/v2\/posts"}],"about":[{"href":"https:\/\/www.opinionpublica.tv\/portada\/wp-json\/wp\/v2\/types\/post"}],"author":[{"embeddable":true,"href":"https:\/\/www.opinionpublica.tv\/portada\/wp-json\/wp\/v2\/users\/1"}],"replies":[{"embeddable":true,"href":"https:\/\/www.opinionpublica.tv\/portada\/wp-json\/wp\/v2\/comments?post=2550"}],"version-history":[{"count":0,"href":"https:\/\/www.opinionpublica.tv\/portada\/wp-json\/wp\/v2\/posts\/2550\/revisions"}],"wp:featuredmedia":[{"embeddable":true,"href":"https:\/\/www.opinionpublica.tv\/portada\/wp-json\/wp\/v2\/media\/2549"}],"wp:attachment":[{"href":"https:\/\/www.opinionpublica.tv\/portada\/wp-json\/wp\/v2\/media?parent=2550"}],"wp:term":[{"taxonomy":"category","embeddable":true,"href":"https:\/\/www.opinionpublica.tv\/portada\/wp-json\/wp\/v2\/categories?post=2550"},{"taxonomy":"post_tag","embeddable":true,"href":"https:\/\/www.opinionpublica.tv\/portada\/wp-json\/wp\/v2\/tags?post=2550"}],"curies":[{"name":"wp","href":"https:\/\/api.w.org\/{rel}","templated":true}]}}