{"id":25487,"date":"2020-12-27T07:00:00","date_gmt":"2020-12-27T06:00:00","guid":{"rendered":"https:\/\/www.opinionpublica.tv\/portada\/2020\/12\/27\/efemerides-27-de-diciembre-2\/"},"modified":"2020-12-27T07:00:00","modified_gmt":"2020-12-27T06:00:00","slug":"efemerides-27-de-diciembre-2","status":"publish","type":"post","link":"https:\/\/www.opinionpublica.tv\/portada\/efemerides-27-de-diciembre-2\/","title":{"rendered":"Efem\u00e9rides 27 de diciembre"},"content":{"rendered":"<img fetchpriority=\"high\" decoding=\"async\" class=\" size-full wp-image-25486\" src=\"https:\/\/www.opinionpublica.tv\/portada\/wp-content\/uploads\/2020\/12\/2ed867fee7d31699d75c9cac03544fbe.jpg\" alt=\"\" class=\"caption\" title=\"La ex primera ministra paquistan\u00ed Benazir Bhutto muri\u00f3 en un atentado terrorista.\" width=\"900\" height=\"646\" srcset=\"https:\/\/www.opinionpublica.tv\/portada\/wp-content\/uploads\/2020\/12\/2ed867fee7d31699d75c9cac03544fbe.jpg 900w, https:\/\/www.opinionpublica.tv\/portada\/wp-content\/uploads\/2020\/12\/2ed867fee7d31699d75c9cac03544fbe-300x215.jpg 300w, https:\/\/www.opinionpublica.tv\/portada\/wp-content\/uploads\/2020\/12\/2ed867fee7d31699d75c9cac03544fbe-768x551.jpg 768w\" sizes=\"(max-width: 900px) 100vw, 900px\" \/>\n<p style=\"text-align: justify;\">Un d\u00eda 27 de diciembre como hoy, pero de 2007, un terrorista suicida mata a la ex primera ministra paquistan\u00ed Benazir Bhutto tras un mitin en Rawalpindi, en un atentado que caus\u00f3, al menos, 20 muertos m\u00e1s.<\/p>\n<p><!--more--><\/p>\n<p style=\"text-align: justify;\"><strong>M\u00e1s efem\u00e9rides<\/strong><\/p>\n<p style=\"text-align: justify;\">1571.- Nace Johannes Kepler, astr\u00f3nomo alem\u00e1n.<\/p>\n<p style=\"text-align: justify;\">1585.- Muere Pierre de Ronsard, poeta franc\u00e9s.<\/p>\n<p style=\"text-align: justify;\">1763.- Tratado de paz de Fontainebleau, por el que los brit\u00e1nicos devuelven Manila a los espa\u00f1oles.<\/p>\n<p style=\"text-align: justify;\">1822.- Nace Louis Pasteur, bi\u00f3logo franc\u00e9s.<\/p>\n<p style=\"text-align: justify;\">1832.- Muere Karl C.F. Krause, fil\u00f3sofo alem\u00e1n.<\/p>\n<p style=\"text-align: justify;\">1870.- Atentado en Madrid contra el general Juan Prim, presidente del gobierno, que falleci\u00f3 tres d\u00edas despu\u00e9s a causa de las heridas de bala recibidas.<\/p>\n<p style=\"text-align: justify;\">1901.- Nace Marlene Dietrich, actriz alemana.<\/p>\n<p style=\"text-align: justify;\">1917.- Los sovi\u00e9ticos nacionalizan los 18 bancos existentes en Rusia.<\/p>\n<p style=\"text-align: justify;\">1921.- Muere Daniel Zuloaga, pintor y ceramista espa\u00f1ol.<\/p>\n<p style=\"text-align: justify;\">1928.- Ejecutado Maximiliano Vigueras, el jefe de bandidos m\u00e1s famoso de M\u00e9xico.<\/p>\n<p style=\"text-align: justify;\">1934.- Persia comienza a denominarse Ir\u00e1n, por disposici\u00f3n del gobierno.<\/p>\n<p style=\"text-align: justify;\">1943.- Nace Joan Manuel Serrat, cantautor espa\u00f1ol.<\/p>\n<p style=\"text-align: justify;\">1947.- Primera Constituci\u00f3n italiana tras la Guerra Mundial.<\/p>\n<p style=\"text-align: justify;\">1948.- Nace Gerard Depardieu, actor y productor cinematogr\u00e1fico franc\u00e9s.<\/p>\n<p style=\"text-align: justify;\">1949.- Holanda reconoce la independencia de Indonesia en el marco de una uni\u00f3n econ\u00f3mica entre el archipi\u00e9lago y la antigua metr\u00f3poli.<\/p>\n<p style=\"text-align: justify;\">1951.- Nace Ernesto Zedillo, presidente mexicano.<\/p>\n<p style=\"text-align: justify;\">1959.- Muere Alfonso Reyes, escritor mexicano.<\/p>\n<p style=\"text-align: justify;\">1978.- Muere Huari Bumedian, expresidente argelino.<\/p>\n<p style=\"text-align: justify;\">1979.- Tropas sovi\u00e9ticas invaden Afganist\u00e1n.<\/p>\n<p style=\"text-align: justify;\">1983.- El Gobierno argentino deroga la Ley de Pacificaci\u00f3n Nacional, conocida como ley de autoamnist\u00eda, promulgada por la Junta Militar.<\/p>\n<p style=\"text-align: justify;\">1985.- Dos atentados simult\u00e1neos contra la compa\u00f1\u00eda a\u00e9rea israel\u00ed El-Al, en los aeropuertos de Viena y Roma, causan 16 muertos y m\u00e1s de 100 heridos.<\/p>\n<p style=\"text-align: justify;\">1988.- El hundimiento de un barco en Bangladesh causa la desaparici\u00f3n de 250 personas.<\/p>\n<p style=\"text-align: justify;\">1989.- El Tribunal Electoral de Panam\u00e1 proclama presidente del pa\u00eds a Guillermo Endara.<\/p>\n<p style=\"text-align: justify;\">1991.- El Parlamento de Cuba aprueba la reforma de la Constituci\u00f3n y las leyes electorales para posibilitar la elecci\u00f3n de diputados, mediante el voto secreto y directo, pero seguir\u00e1 siendo un r\u00e9gimen monopartidista.<\/p>\n<p style=\"text-align: justify;\">1995.- Tras casi 30 a\u00f1os de ocupaci\u00f3n, el Ej\u00e9rcito israel\u00ed abandona Ramal\u00e1 (norte de Jerusal\u00e9n), sexta localidad de Cisjordania donde entra en vigor la autonom\u00eda palestina.<\/p>\n<p style=\"text-align: justify;\">1999.- Irak y Siria acuerdan restablecer relaciones diplom\u00e1ticas, tras una ruptura de 20 a\u00f1os.<\/p>\n<p style=\"text-align: justify;\">2002.- Un doble ataque suicida perpetrado con dos veh\u00edculos bomba destruye la sede del Gobierno pro-ruso en Grozni (Chechenia) y causa 80 muertos y 152 heridos.<\/p>\n<p style=\"text-align: justify;\">2002.- China inicia las obras del gigantesco trasvase de agua del r\u00edo Yangts\u00e9 (norte del pa\u00eds), la mayor presa de su tipo en el mundo.<\/p>\n<p style=\"text-align: justify;\">2002.- Tras 26 d\u00edas de huelga general contra el presidente venezolano Hugo Ch\u00e1vez, el quinto pa\u00eds exportador mundial de crudo se ve obligado a importar gasolina.<\/p>\n<p style=\"text-align: justify;\">2003.- Muere Alan Bates, actor brit\u00e1nico.<\/p>\n<p style=\"text-align: justify;\">2006.- Muere Pierre Delano\u00eb, m\u00fasico franc\u00e9s.<\/p>\n<p style=\"text-align: justify;\">2008.- Muere Robert Graham, escultor mexicano.<\/p>\n<p style=\"text-align: justify;\">2012.- Portugal vende por 3,080 millones de euros la empresa nacional de aeropuertos ANA al grupo franc\u00e9s Vinci.<\/p>\n<p style=\"text-align: justify;\">2012.- Muere Norman Schwarzkopf, general estadounidense.<\/p>\n","protected":false},"excerpt":{"rendered":"<p>Un d\u00eda 27 de diciembre como hoy, pero de 2007, un terrorista suicida mata a la ex primera ministra paquistan\u00ed Benazir Bhutto tras un mitin en Rawalpindi, en un atentado que caus\u00f3, al menos, 20 muertos m\u00e1s.<\/p>\n","protected":false},"author":6,"featured_media":25486,"comment_status":"open","ping_status":"open","sticky":false,"template":"","format":"standard","meta":{"_acf_changed":false,"_monsterinsights_skip_tracking":false,"slim_seo":{"title":"Efem\u00e9rides 27 de diciembre - Opini\u00f3n P\u00fablica","description":"Un d\u00eda 27 de diciembre como hoy, pero de 2007, un terrorista suicida mata a la ex primera ministra paquistan\u00ed Benazir Bhutto tras un mitin en Rawalpindi, en un"},"footnotes":""},"categories":[27],"tags":[],"class_list":["post-25487","post","type-post","status-publish","format-standard","has-post-thumbnail","hentry","category-un-dia-como-hoy"],"acf":[],"_links":{"self":[{"href":"https:\/\/www.opinionpublica.tv\/portada\/wp-json\/wp\/v2\/posts\/25487","targetHints":{"allow":["GET"]}}],"collection":[{"href":"https:\/\/www.opinionpublica.tv\/portada\/wp-json\/wp\/v2\/posts"}],"about":[{"href":"https:\/\/www.opinionpublica.tv\/portada\/wp-json\/wp\/v2\/types\/post"}],"author":[{"embeddable":true,"href":"https:\/\/www.opinionpublica.tv\/portada\/wp-json\/wp\/v2\/users\/6"}],"replies":[{"embeddable":true,"href":"https:\/\/www.opinionpublica.tv\/portada\/wp-json\/wp\/v2\/comments?post=25487"}],"version-history":[{"count":0,"href":"https:\/\/www.opinionpublica.tv\/portada\/wp-json\/wp\/v2\/posts\/25487\/revisions"}],"wp:featuredmedia":[{"embeddable":true,"href":"https:\/\/www.opinionpublica.tv\/portada\/wp-json\/wp\/v2\/media\/25486"}],"wp:attachment":[{"href":"https:\/\/www.opinionpublica.tv\/portada\/wp-json\/wp\/v2\/media?parent=25487"}],"wp:term":[{"taxonomy":"category","embeddable":true,"href":"https:\/\/www.opinionpublica.tv\/portada\/wp-json\/wp\/v2\/categories?post=25487"},{"taxonomy":"post_tag","embeddable":true,"href":"https:\/\/www.opinionpublica.tv\/portada\/wp-json\/wp\/v2\/tags?post=25487"}],"curies":[{"name":"wp","href":"https:\/\/api.w.org\/{rel}","templated":true}]}}