{"id":25277,"date":"2020-11-29T07:00:00","date_gmt":"2020-11-29T06:00:00","guid":{"rendered":"https:\/\/www.opinionpublica.tv\/portada\/2020\/11\/29\/designa-papa-francisco-al-primer-cardenal-negro-en-la-historia-catolica-en-eu\/"},"modified":"2020-11-29T07:00:00","modified_gmt":"2020-11-29T06:00:00","slug":"designa-papa-francisco-al-primer-cardenal-negro-en-la-historia-catolica-en-eu","status":"publish","type":"post","link":"https:\/\/www.opinionpublica.tv\/portada\/designa-papa-francisco-al-primer-cardenal-negro-en-la-historia-catolica-en-eu\/","title":{"rendered":"Designa Papa Francisco al primer cardenal negro en la historia cat\u00f3lica en EU"},"content":{"rendered":"<p><img fetchpriority=\"high\" decoding=\"async\" class=\" size-full wp-image-25276\" src=\"https:\/\/www.opinionpublica.tv\/portada\/wp-content\/uploads\/2020\/11\/e948638c91c1e08732efc4618b2fa263.jpg\" alt=\"\" class=\"caption\" title=\"Wilton Gregory es el primer cardenal cat\u00f3lico de raza negra en la historia de EU.\" width=\"940\" height=\"530\" srcset=\"https:\/\/www.opinionpublica.tv\/portada\/wp-content\/uploads\/2020\/11\/e948638c91c1e08732efc4618b2fa263.jpg 940w, https:\/\/www.opinionpublica.tv\/portada\/wp-content\/uploads\/2020\/11\/e948638c91c1e08732efc4618b2fa263-300x169.jpg 300w, https:\/\/www.opinionpublica.tv\/portada\/wp-content\/uploads\/2020\/11\/e948638c91c1e08732efc4618b2fa263-768x433.jpg 768w\" sizes=\"(max-width: 940px) 100vw, 940px\" \/><br \/>\n<!--more--><\/p>\n<p style=\"text-align: justify;\"><em>Washington, EU<\/em>.- Wilton Gregory de Washington es el\u00a0primer cardenal negro en la historia cat\u00f3lica\u00a0de Estados Unidos.<\/p>\n<p style=\"text-align: justify;\">Gregory fue designado por el papa Francisco durante una ceremonia de instalaci\u00f3n en Roma el s\u00e1bado.<\/p>\n<p style=\"text-align: justify;\">Fue uno de los 13 hombres, y el \u00fanico estadounidense, elevado al Colegio de Cardenales. Debido a la pandemia de coronavirus, dos obispos (uno de Brunei y el otro de Filipinas) no estuvieron en Roma para la ceremonia, otra primicia en la historia de la iglesia,\u00a0seg\u00fan Vatican News.<\/p>\n<p style=\"text-align: justify;\">De acuerdo con las preocupaciones del papa por los cat\u00f3licos que hist\u00f3ricamente han sido marginados, los otros nuevos cardenales incluyen hombres de Ruanda, Brunei, Chile y Filipinas.<\/p>\n<p style=\"text-align: justify;\">Debido a la pandemia, la ceremonia dentro de la Bas\u00edlica de San Pedro se limit\u00f3 a unas 100 personas. La mayor\u00eda de las personas que asistieron usaron m\u00e1scaras, sin embargo, el papa Francisco no, algo por lo que ha sido criticado en el pasado. El mes pasado, un funcionario del Vaticano le dijo a CNN que \u00abtratan de convencer\u00bb al pont\u00edfice de que use una m\u00e1scara en p\u00fablico. \u00abEstamos trabajando en eso\u00bb, dijo Augusto Zampini Zampini, coordinador del Vaticano de la Comisi\u00f3n covid-19.<\/p>\n<p style=\"text-align: justify;\">Los nuevos cardenales se arrodillaron ante el papa Francisco que les impuso el casquete y el sombrero rojo cardenalicio. Francisco entreg\u00f3 el anillo del cardenal y asign\u00f3 a cada uno una iglesia en Roma.<\/p>\n<p style=\"text-align: justify;\"><strong>Gregory ser\u00e1 un consejero cercano del papa<\/strong><\/p>\n<p style=\"text-align: justify;\">Gregory, de 72 a\u00f1os, que ya es el cat\u00f3lico de raza negra de mayor rango en la historia de Estados Unidos, le dijo a CNN esta semana que ha estado orando, escribiendo homil\u00edas y cartas a simpatizantes y reflexionando sobre su nuevo papel.<\/p>\n<p style=\"text-align: justify;\">\u00abHa sido un momento para agradecer a Dios por este momento \u00fanico en mi vida y en la vida de la iglesia en Estados Unidos\u00bb, afirm\u00f3 Gregory. \u00abEspero que sea una se\u00f1al para la comunidad negra de que la Iglesia Cat\u00f3lica tiene una gran reverencia, respeto y estima por la gente, por mi gente de color\u00bb.<\/p>\n<p style=\"text-align: justify;\">Como cardenal, Gregory ser\u00e1 uno de los consejeros m\u00e1s cercanos del papa y uno de los aproximadamente 120 hombres que elegir\u00e1n al pr\u00f3ximo pont\u00edfice.<\/p>\n<p style=\"text-align: justify;\">Antes de que Francisco eligiera a Gregory como arzobispo de Washington el a\u00f1o pasado, tambi\u00e9n se desempe\u00f1\u00f3 como obispo en Belleville, Illinois y Atlanta. Naci\u00f3 en Chicago de padres que no eran cat\u00f3licos, pero se convirtieron al catolicismo mientras asist\u00eda a una escuela parroquial.<\/p>\n<p style=\"text-align: justify;\"><em>Con informaci\u00f3n de CNN<\/em>.<\/p>\n","protected":false},"excerpt":{"rendered":"","protected":false},"author":6,"featured_media":25276,"comment_status":"open","ping_status":"open","sticky":false,"template":"","format":"standard","meta":{"_acf_changed":false,"_monsterinsights_skip_tracking":false,"slim_seo":{"title":"Designa Papa Francisco al primer cardenal negro en la historia cat\u00f3lica en EU - Opini\u00f3n P\u00fablica","description":"Washington, EU .- Wilton Gregory de Washington es el\u00a0primer cardenal negro en la historia cat\u00f3lica\u00a0de Estados Unidos. Gregory fue designado por el papa Francisc"},"footnotes":""},"categories":[24],"tags":[],"class_list":["post-25277","post","type-post","status-publish","format-standard","has-post-thumbnail","hentry","category-estados-unidos"],"acf":[],"_links":{"self":[{"href":"https:\/\/www.opinionpublica.tv\/portada\/wp-json\/wp\/v2\/posts\/25277","targetHints":{"allow":["GET"]}}],"collection":[{"href":"https:\/\/www.opinionpublica.tv\/portada\/wp-json\/wp\/v2\/posts"}],"about":[{"href":"https:\/\/www.opinionpublica.tv\/portada\/wp-json\/wp\/v2\/types\/post"}],"author":[{"embeddable":true,"href":"https:\/\/www.opinionpublica.tv\/portada\/wp-json\/wp\/v2\/users\/6"}],"replies":[{"embeddable":true,"href":"https:\/\/www.opinionpublica.tv\/portada\/wp-json\/wp\/v2\/comments?post=25277"}],"version-history":[{"count":0,"href":"https:\/\/www.opinionpublica.tv\/portada\/wp-json\/wp\/v2\/posts\/25277\/revisions"}],"wp:featuredmedia":[{"embeddable":true,"href":"https:\/\/www.opinionpublica.tv\/portada\/wp-json\/wp\/v2\/media\/25276"}],"wp:attachment":[{"href":"https:\/\/www.opinionpublica.tv\/portada\/wp-json\/wp\/v2\/media?parent=25277"}],"wp:term":[{"taxonomy":"category","embeddable":true,"href":"https:\/\/www.opinionpublica.tv\/portada\/wp-json\/wp\/v2\/categories?post=25277"},{"taxonomy":"post_tag","embeddable":true,"href":"https:\/\/www.opinionpublica.tv\/portada\/wp-json\/wp\/v2\/tags?post=25277"}],"curies":[{"name":"wp","href":"https:\/\/api.w.org\/{rel}","templated":true}]}}