{"id":25232,"date":"2020-11-26T07:00:00","date_gmt":"2020-11-26T06:00:00","guid":{"rendered":"https:\/\/www.opinionpublica.tv\/portada\/2020\/11\/26\/traspaso-movil-ahora-podra-cambiar-de-afore-desde-su-celular\/"},"modified":"2020-11-26T07:00:00","modified_gmt":"2020-11-26T06:00:00","slug":"traspaso-movil-ahora-podra-cambiar-de-afore-desde-su-celular","status":"publish","type":"post","link":"https:\/\/www.opinionpublica.tv\/portada\/traspaso-movil-ahora-podra-cambiar-de-afore-desde-su-celular\/","title":{"rendered":"Traspaso m\u00f3vil: ahora podr\u00e1 cambiar de afore desde su celular"},"content":{"rendered":"<p><img fetchpriority=\"high\" decoding=\"async\" class=\" size-full wp-image-25231\" src=\"https:\/\/www.opinionpublica.tv\/portada\/wp-content\/uploads\/2020\/11\/82b9c5f206db9c0ad33492c12ebf6d8e.jpg\" alt=\"\" class=\"caption\" title=\"La Consar present\u00f3 un nuevo mecanismo para cambiar de afore desde una app para celular.\" width=\"1280\" height=\"723\" srcset=\"https:\/\/www.opinionpublica.tv\/portada\/wp-content\/uploads\/2020\/11\/82b9c5f206db9c0ad33492c12ebf6d8e.jpg 1280w, https:\/\/www.opinionpublica.tv\/portada\/wp-content\/uploads\/2020\/11\/82b9c5f206db9c0ad33492c12ebf6d8e-300x169.jpg 300w, https:\/\/www.opinionpublica.tv\/portada\/wp-content\/uploads\/2020\/11\/82b9c5f206db9c0ad33492c12ebf6d8e-1024x578.jpg 1024w, https:\/\/www.opinionpublica.tv\/portada\/wp-content\/uploads\/2020\/11\/82b9c5f206db9c0ad33492c12ebf6d8e-768x434.jpg 768w\" sizes=\"(max-width: 1280px) 100vw, 1280px\" \/><br \/>\n<!--more--><\/p>\n<p style=\"text-align: justify;\"><em>Ciudad de M\u00e9xico<\/em>.- Cuando se realizan tr\u00e1mites es com\u00fan destinar gran parte del d\u00eda para llevarlos a cabo: las largas filas, pasar de una ventanilla a otra, firmas, sellos, \u00bfle falt\u00f3 un documento? Tendr\u00e1 que regresar al d\u00eda siguiente; en fin, la situaci\u00f3n se complica cuando dichos tr\u00e1mites est\u00e1n relacionados con su banco, su afore o documentos personales .<\/p>\n<p style=\"text-align: justify;\">En este sentido, la Comisi\u00f3n Nacional del Sistema de Ahorro para el Retiro (Consar), present\u00f3 este mi\u00e9rcoles dos nuevas alternativas para aquellos trabajadores que deseen cambiar de afore as\u00ed como disponer de los recursos de su cuenta: se trata del Traspaso M\u00f3vil y la Disposici\u00f3n de Recursos, herramientas del Sistema de Ahorro para el Retiro (SAR) que podr\u00e1 utilizar desde su celular.<\/p>\n<p style=\"text-align: justify;\">\u201cEl pasado 23 de noviembre se publicaron en el Diario Oficial de la Federaci\u00f3n diversas modificaciones a las Disposiciones de car\u00e1cter general en materia de operaciones de los Sistemas de Ahorro para el Retiro (Circular \u00danica Operativa \u2013CUO-), con el objeto de crear la figura del \u2018Traspaso M\u00f3vil\u2019 y la \u2018Disposici\u00f3n de recursos\u2019 en el SAR para agilizar los tr\u00e1mites que realiza el trabajador y hacer m\u00e1s eficiente el marco regulatorio en los procesos operativos de las afore\u201d, detall\u00f3 la Consar en un comunicado.<\/p>\n<p style=\"text-align: justify;\">Aunque las disposiciones ya est\u00e1n establecidas en el DOF, la medida arrancar\u00e1 en febrero del pr\u00f3ximo a\u00f1o, sin embargo es importante que desde ahora conozca todos los elementos que debe tomar en cuenta al momento de cambiar de afore.<\/p>\n<p style=\"text-align: justify;\">\u201cEl cambio de afore es una decisi\u00f3n informada que los trabajadores deben tomar con la mayor responsabilidad para que siempre tengan los mejores beneficios\u201d, asegur\u00f3 la comisi\u00f3n.<\/p>\n<p style=\"text-align: justify;\">De acuerdo con la Consar, el tr\u00e1mite de traspaso a trav\u00e9s de la aplicaci\u00f3n podr\u00e1 efectuarse \u00fanicamente en las afores que cuenten con dicho servicio.<\/p>\n<p style=\"text-align: justify;\">Hasta el momento se han definido de manera general los lineamientos para que los trabajadores puedan realizar su cambio por medio de la aplicaci\u00f3n de AforeM\u00f3vil.<\/p>\n<p style=\"text-align: justify;\">En primera instancia, record\u00f3 la comisi\u00f3n, los trabajadores deber\u00e1n tener conformado su Expediente Electr\u00f3nico \u00danico, el cual est\u00e1 integrado por sus datos biom\u00e9tricos como huella digital e iris, con dicho expediente puede realizar movimientos en su Cuenta Individual de manera segura.<\/p>\n<p style=\"text-align: justify;\">Tambi\u00e9n deber\u00e1 tener descargada e instalada la aplicaci\u00f3n de AforeM\u00f3vil en su tel\u00e9fono inteligente as\u00ed como tener los criterios necesarios para cambiar de afore.<\/p>\n<p style=\"text-align: justify;\">Dichos criterios consisten en revisar la informaci\u00f3n de cada administradora con el prop\u00f3sito de tomar una decisi\u00f3n informada, por ejemplo: los rendimientos, los rendimientos netos y las comisiones que cada afore por administrar su ahorro.<\/p>\n<p style=\"text-align: justify;\">Recuerde que el traspaso o cambio de afore es un proceso que el trabajador puede hacer una vez al a\u00f1o.<\/p>\n<p style=\"text-align: justify;\">Calificaci\u00f3n y desempe\u00f1o, una gu\u00eda para elegir afore<\/p>\n<p style=\"text-align: justify;\">Otros criterios no menos importantes, tienen que ver con la calificaci\u00f3n y desempe\u00f1o que cada administradora tiene, para ello existen dos indicadores que la Consar publica peri\u00f3dicamente, se trata del Medidor de Atributos y Servicios de las afores (+M\u00e1s Afore) y el Informe de Clasificaci\u00f3n Analista Morningstar de las Siefores.<\/p>\n<p style=\"text-align: justify;\">En el caso del +M\u00e1s Afore, el indicador brinda a los ahorradores del SAR informaci\u00f3n relacionada con la calidad, eficiencia, cobertura y atenci\u00f3n de las 10 administradoras del sistema.<\/p>\n<p style=\"text-align: justify;\">En tanto, el reporte de los analistas de Morningstar, representa la capacidad de los fondos para obtener un rendimiento superior en funci\u00f3n del riesgo ajustado a largo plazo, por lo que constituye una herramienta \u00fatil para detectar las fortalezas y las principales \u00e1reas de oportunidad de cada afore.<\/p>\n<p style=\"text-align: justify;\">Afores deber\u00e1n definir procesos<\/p>\n<p style=\"text-align: justify;\">Por otra parte, en la disposici\u00f3n que aplica para el retiro de los recursos por parte de los trabajadores a trav\u00e9s de la aplicaci\u00f3n AforeM\u00f3vil, la Consar explic\u00f3 que cada administradora deber\u00e1 tener un modelo propio para realizar el tr\u00e1mite.<\/p>\n<p style=\"text-align: justify;\">\u201cLas administradoras deber\u00e1n presentar su modelo de disposici\u00f3n de recursos para ser autorizado por la Consar\u201d, enfatiz\u00f3. (El Economista)<\/p>\n<p style=\"text-align: justify;\">\u00a0<\/p>\n","protected":false},"excerpt":{"rendered":"","protected":false},"author":6,"featured_media":25231,"comment_status":"open","ping_status":"open","sticky":false,"template":"","format":"standard","meta":{"_acf_changed":false,"_monsterinsights_skip_tracking":false,"slim_seo":{"title":"Traspaso m\u00f3vil: ahora podr\u00e1 cambiar de afore desde su celular - Opini\u00f3n P\u00fablica","description":"Ciudad de M\u00e9xico .- Cuando se realizan tr\u00e1mites es com\u00fan destinar gran parte del d\u00eda para llevarlos a cabo: las largas filas, pasar de una ventanilla a otra, fi"},"footnotes":""},"categories":[9],"tags":[],"class_list":["post-25232","post","type-post","status-publish","format-standard","has-post-thumbnail","hentry","category-nacional"],"acf":[],"_links":{"self":[{"href":"https:\/\/www.opinionpublica.tv\/portada\/wp-json\/wp\/v2\/posts\/25232","targetHints":{"allow":["GET"]}}],"collection":[{"href":"https:\/\/www.opinionpublica.tv\/portada\/wp-json\/wp\/v2\/posts"}],"about":[{"href":"https:\/\/www.opinionpublica.tv\/portada\/wp-json\/wp\/v2\/types\/post"}],"author":[{"embeddable":true,"href":"https:\/\/www.opinionpublica.tv\/portada\/wp-json\/wp\/v2\/users\/6"}],"replies":[{"embeddable":true,"href":"https:\/\/www.opinionpublica.tv\/portada\/wp-json\/wp\/v2\/comments?post=25232"}],"version-history":[{"count":0,"href":"https:\/\/www.opinionpublica.tv\/portada\/wp-json\/wp\/v2\/posts\/25232\/revisions"}],"wp:featuredmedia":[{"embeddable":true,"href":"https:\/\/www.opinionpublica.tv\/portada\/wp-json\/wp\/v2\/media\/25231"}],"wp:attachment":[{"href":"https:\/\/www.opinionpublica.tv\/portada\/wp-json\/wp\/v2\/media?parent=25232"}],"wp:term":[{"taxonomy":"category","embeddable":true,"href":"https:\/\/www.opinionpublica.tv\/portada\/wp-json\/wp\/v2\/categories?post=25232"},{"taxonomy":"post_tag","embeddable":true,"href":"https:\/\/www.opinionpublica.tv\/portada\/wp-json\/wp\/v2\/tags?post=25232"}],"curies":[{"name":"wp","href":"https:\/\/api.w.org\/{rel}","templated":true}]}}