{"id":25224,"date":"2020-11-26T07:00:00","date_gmt":"2020-11-26T06:00:00","guid":{"rendered":"https:\/\/www.opinionpublica.tv\/portada\/2020\/11\/26\/presenta-lopez-obrador-su-guia-etica-para-la-transformacion-de-mexico\/"},"modified":"2020-11-26T07:00:00","modified_gmt":"2020-11-26T06:00:00","slug":"presenta-lopez-obrador-su-guia-etica-para-la-transformacion-de-mexico","status":"publish","type":"post","link":"https:\/\/www.opinionpublica.tv\/portada\/presenta-lopez-obrador-su-guia-etica-para-la-transformacion-de-mexico\/","title":{"rendered":"Andr\u00e9s Manuel L\u00f3pez Obrador presenta su \u2018Gu\u00eda \u00c9tica para la Transformaci\u00f3n de M\u00e9xico\u2019"},"content":{"rendered":"<p><img fetchpriority=\"high\" decoding=\"async\" class=\" size-full wp-image-25223\" src=\"https:\/\/www.opinionpublica.tv\/portada\/wp-content\/uploads\/2020\/11\/39663e7207434ddd2daa395c9681bb6c.jpg\" alt=\"\" class=\"caption\" title=\"Andr\u00e9s Manuel L\u00f3pez Obrador, presidente de M\u00e9xico.\" width=\"1200\" height=\"676\" srcset=\"https:\/\/www.opinionpublica.tv\/portada\/wp-content\/uploads\/2020\/11\/39663e7207434ddd2daa395c9681bb6c.jpg 1200w, https:\/\/www.opinionpublica.tv\/portada\/wp-content\/uploads\/2020\/11\/39663e7207434ddd2daa395c9681bb6c-300x169.jpg 300w, https:\/\/www.opinionpublica.tv\/portada\/wp-content\/uploads\/2020\/11\/39663e7207434ddd2daa395c9681bb6c-1024x577.jpg 1024w, https:\/\/www.opinionpublica.tv\/portada\/wp-content\/uploads\/2020\/11\/39663e7207434ddd2daa395c9681bb6c-768x433.jpg 768w\" sizes=\"(max-width: 1200px) 100vw, 1200px\" \/><br \/>\n<!--more--><\/p>\n<p style=\"text-align: justify;\"><em>Ciudad de M\u00e9xico<\/em>.- Con el objetivo de fortalecer los valores morales, culturales y espirituales en M\u00e9xico, el presidente Andr\u00e9s Manuel L\u00f3pez Obrador present\u00f3 la\u00a0<em>Gu\u00eda \u00c9tica para la Transformaci\u00f3n de M\u00e9xico<\/em>, la cual es parte del cumplimiento de su compromiso 99.<\/p>\n<p style=\"text-align: justify;\">En conferencia, el mandatario destac\u00f3 que esta gu\u00eda naci\u00f3 a partir de una \u201cdegradaci\u00f3n de la vida p\u00fablica\u201d, por lo que para enfrentar \u00e9sta, adem\u00e1s de las acciones que mejoren las condiciones materiales, es necesario impulsar los valores y el bienestar del alma.<\/p>\n<p style=\"text-align: justify;\">\u201cDesde hace tiempo sostenemos que la crisis de M\u00e9xico no s\u00f3lo es una econ\u00f3mica, incluso no s\u00f3lo de bienestar material, sino tambi\u00e9n una por la p\u00e9rdida de valores culturales, morales y espirituales (\u2026), por eso se habl\u00f3 de una Rep\u00fablica Amorosa, de la felicidad como fin \u00faltimo del gobierno, y se habl\u00f3 de tener una Constituci\u00f3n Moral\u201d, coment\u00f3.<\/p>\n<p style=\"text-align: justify;\">Anunci\u00f3 que la\u00a0<em>Gu\u00eda \u00c9tica para la Transformaci\u00f3n de M\u00e9xico<\/em>\u00a0se entregar\u00e1 a 8 millones de adultos mayores para que, de manera voluntaria, \u00e9stos la lean, reflexionen los preceptos, transmitan y discutan con sus familias los mismos.<\/p>\n<p style=\"text-align: justify;\">Al respecto, el Coordinador General de Comunicaci\u00f3n Social de Presidencia e integrante del comit\u00e9 que elabor\u00f3 el documento, Jes\u00fas Ram\u00edrez, inform\u00f3 que desde 2018 se trabaj\u00f3 en este proyecto que establece la importancia de los valores e indica que \u201cel comportamiento apegado a normas \u00e9ticas es indispensable para vivir en armon\u00eda en todos los espacios de la sociedad\u201d.<\/p>\n<p style=\"text-align: justify;\">\u201cProponemos reafirmar, difundir y promover, principios \u00e9ticos y normas de conducta que hayan surgido en el mundo y en el pa\u00eds como resultado del avance civilizatorio \u2014la adopci\u00f3n de una gu\u00eda \u00e9tica por parte de la sociedad es voluntaria, es una referencia, no es una ley o norma jur\u00eddica, es un documento para la reflexi\u00f3n y el debate\u2014\u201c, ley\u00f3 y aclar\u00f3 Ram\u00edrez Cuevas la introducci\u00f3n del texto.<\/p>\n<p style=\"text-align: justify;\">En tanto, el economista, Enrique Galv\u00e1n Ochoa, insisti\u00f3 y dej\u00f3 claro que la\u00a0<em>Gu\u00eda \u00c9tica para la Transformaci\u00f3n de M\u00e9xico<\/em>\u00a0no es una imposici\u00f3n del gobierno a los mexicanos, sino que trata refleja la opini\u00f3n de la sociedad que fue convocada a expresarse desde hace dos a\u00f1os al respecto.<\/p>\n<p style=\"text-align: justify;\">Quisiera dejar claro que este c\u00f3digo de \u00e9tica no es algo que el gobierno quiera imponer a la sociedad, a las familias, a los sindicatos, a las empresas, no se trata de eso, lo que hizo la comisi\u00f3n no fue crear una serie de nuevos valores para la sociedad mexicana, sino convocar a la ciudadan\u00eda para que diera su opini\u00f3n y nuestro trabajo se concret\u00f3 a hacer esta codificaci\u00f3n, pero no es algo, e insisto, que el gobierno quiera imponer\u201d, dijo.<\/p>\n<p style=\"text-align: justify;\">El comit\u00e9 que elabor\u00f3 esta gu\u00eda fue constituido por Jes\u00fas Ram\u00edrez,\u00a0 Ver\u00f3nica Velasco, Pedro Miguel Arce Montoya, Jos\u00e9 Agust\u00edn Ortiz Pinchetti, Enrique Galv\u00e1n Ochoa, y Margarita Valdez Gonz\u00e1lez.<\/p>\n<p style=\"text-align: justify;\">Los 20 principios y valores que se abordan en el documento son los siguientes:<\/p>\n<p style=\"text-align: justify;\">Respeto a la diferencia<\/p>\n<p style=\"text-align: justify;\">De la vida<\/p>\n<p style=\"text-align: justify;\">De la dignidad<\/p>\n<p style=\"text-align: justify;\">De la libertad<\/p>\n<p style=\"text-align: justify;\">Del amor<\/p>\n<p style=\"text-align: justify;\">Del sufrimiento y el placer<\/p>\n<p style=\"text-align: justify;\">Del pasado y el futuro<\/p>\n<p style=\"text-align: justify;\">De la gratitud<\/p>\n<p style=\"text-align: justify;\">Del perd\u00f3n<\/p>\n<p style=\"text-align: justify;\">De la redenci\u00f3n<\/p>\n<p style=\"text-align: justify;\">De la igualdad<\/p>\n<p style=\"text-align: justify;\">De la verdad, la palabra y la confianza<\/p>\n<p style=\"text-align: justify;\">De la fraternidad<\/p>\n<p style=\"text-align: justify;\">De las leyes y la justicia<\/p>\n<p style=\"text-align: justify;\">De la autoridad y el poder<\/p>\n<p style=\"text-align: justify;\">Del trabajo<\/p>\n<p style=\"text-align: justify;\">De la riqueza y la econom\u00eda<\/p>\n<p style=\"text-align: justify;\">De los acuerdos<\/p>\n<p style=\"text-align: justify;\">De la familia<\/p>\n<p style=\"text-align: justify;\">De los animales, las plantas y las cosas<\/p>\n<p style=\"text-align: justify;\"><em>Con informaci\u00f3n de Exc\u00e9lsior<\/em>.<\/p>\n","protected":false},"excerpt":{"rendered":"","protected":false},"author":6,"featured_media":25223,"comment_status":"open","ping_status":"open","sticky":false,"template":"","format":"standard","meta":{"_acf_changed":false,"_monsterinsights_skip_tracking":false,"slim_seo":{"title":"Andr\u00e9s Manuel L\u00f3pez Obrador presenta su \u2018Gu\u00eda \u00c9tica para la Transformaci\u00f3n de M\u00e9xico\u2019 - Opini\u00f3n P\u00fablica","description":"Ciudad de M\u00e9xico .- Con el objetivo de fortalecer los valores morales, culturales y espirituales en M\u00e9xico, el presidente Andr\u00e9s Manuel L\u00f3pez Obrador present\u00f3 l"},"footnotes":""},"categories":[3],"tags":[],"class_list":["post-25224","post","type-post","status-publish","format-standard","has-post-thumbnail","hentry","category-principal"],"acf":[],"_links":{"self":[{"href":"https:\/\/www.opinionpublica.tv\/portada\/wp-json\/wp\/v2\/posts\/25224","targetHints":{"allow":["GET"]}}],"collection":[{"href":"https:\/\/www.opinionpublica.tv\/portada\/wp-json\/wp\/v2\/posts"}],"about":[{"href":"https:\/\/www.opinionpublica.tv\/portada\/wp-json\/wp\/v2\/types\/post"}],"author":[{"embeddable":true,"href":"https:\/\/www.opinionpublica.tv\/portada\/wp-json\/wp\/v2\/users\/6"}],"replies":[{"embeddable":true,"href":"https:\/\/www.opinionpublica.tv\/portada\/wp-json\/wp\/v2\/comments?post=25224"}],"version-history":[{"count":0,"href":"https:\/\/www.opinionpublica.tv\/portada\/wp-json\/wp\/v2\/posts\/25224\/revisions"}],"wp:featuredmedia":[{"embeddable":true,"href":"https:\/\/www.opinionpublica.tv\/portada\/wp-json\/wp\/v2\/media\/25223"}],"wp:attachment":[{"href":"https:\/\/www.opinionpublica.tv\/portada\/wp-json\/wp\/v2\/media?parent=25224"}],"wp:term":[{"taxonomy":"category","embeddable":true,"href":"https:\/\/www.opinionpublica.tv\/portada\/wp-json\/wp\/v2\/categories?post=25224"},{"taxonomy":"post_tag","embeddable":true,"href":"https:\/\/www.opinionpublica.tv\/portada\/wp-json\/wp\/v2\/tags?post=25224"}],"curies":[{"name":"wp","href":"https:\/\/api.w.org\/{rel}","templated":true}]}}