{"id":25220,"date":"2020-11-26T07:00:00","date_gmt":"2020-11-26T06:00:00","guid":{"rendered":"https:\/\/www.opinionpublica.tv\/portada\/2020\/11\/26\/sancionaran-desde-hoy-a-quienes-se-nieguen-a-usar-cubrebocas\/"},"modified":"2020-11-26T07:00:00","modified_gmt":"2020-11-26T06:00:00","slug":"sancionaran-desde-hoy-a-quienes-se-nieguen-a-usar-cubrebocas","status":"publish","type":"post","link":"https:\/\/www.opinionpublica.tv\/portada\/sancionaran-desde-hoy-a-quienes-se-nieguen-a-usar-cubrebocas\/","title":{"rendered":"Sancionar\u00e1n desde hoy a quienes se nieguen a usar cubrebocas"},"content":{"rendered":"<p><img fetchpriority=\"high\" decoding=\"async\" class=\" size-full wp-image-25219\" src=\"https:\/\/www.opinionpublica.tv\/portada\/wp-content\/uploads\/2020\/11\/3b2e0e8f65890eb95f69abaa6ff775f9.jpg\" alt=\"\" class=\"caption\" title=\"El uso de cubrebocas es obligatorio por ley en todo Chihuahua.\" width=\"1920\" height=\"1080\" srcset=\"https:\/\/www.opinionpublica.tv\/portada\/wp-content\/uploads\/2020\/11\/3b2e0e8f65890eb95f69abaa6ff775f9.jpg 1920w, https:\/\/www.opinionpublica.tv\/portada\/wp-content\/uploads\/2020\/11\/3b2e0e8f65890eb95f69abaa6ff775f9-300x169.jpg 300w, https:\/\/www.opinionpublica.tv\/portada\/wp-content\/uploads\/2020\/11\/3b2e0e8f65890eb95f69abaa6ff775f9-1024x576.jpg 1024w, https:\/\/www.opinionpublica.tv\/portada\/wp-content\/uploads\/2020\/11\/3b2e0e8f65890eb95f69abaa6ff775f9-768x432.jpg 768w, https:\/\/www.opinionpublica.tv\/portada\/wp-content\/uploads\/2020\/11\/3b2e0e8f65890eb95f69abaa6ff775f9-1536x864.jpg 1536w\" sizes=\"(max-width: 1920px) 100vw, 1920px\" \/><br \/>\n<!--more--><\/p>\n<p style=\"text-align: justify;\"><em>Chihuahua, Chih<\/em>.- A partir de este jueves 26 de noviembre entran en vigor las disposiciones de la nueva ley que obliga a los chihuahuenses al uso de cubrebocas, lo cual implica sanciones para quienes no acaten esta disposici\u00f3n.<\/p>\n<p style=\"text-align: justify;\">Luego de su publicaci\u00f3n en el Diario Oficial del Estado, se dieron 10 d\u00edas para la socializaci\u00f3n de las medidas a trav\u00e9s de medios de comunicaci\u00f3n, redes sociales y carteleras ubicadas en todo el estado.<\/p>\n<p style=\"text-align: justify;\">Las autoridades municipales podr\u00e1n arrestar hasta por 12 horas y aplicar multas de 1 a 5 UMAS (86 pesos aproximados) a los ciudadanos que se resistan a acatar las disposiciones y de hasta 25 a los negocios, previa amonestaci\u00f3n.<\/p>\n<p style=\"text-align: justify;\">Esto quiere decir que los ciudadanos pagar\u00edan hasta 430 pesos y los negocios hasta 2 mil 150 pesos, y en casos de mayor resistencia los rebeldes pasar\u00edan varias horas en los separos municipales.\u00a0<\/p>\n<p style=\"text-align: justify;\">Organizaciones de la Sociedad Civil y militantes de Morena anunciaron que interpondr\u00e1n recursos legales como amparos y promoci\u00f3n de acciones de inconstitucionalidad, debido a que consideran impositiva y persecutoria la medida.\u00a0<\/p>\n<p style=\"text-align: justify;\">La Direcci\u00f3n de Seguridad P\u00fablica Municipal, inform\u00f3 que durante noviembre se detuvieron a 25 personas por conducta agresiva tras pedirles el uso del cubrebocas, a quienes se aplicaron multas de 20 a 40 UMAs o arrestos de 12 a 24 horas.<\/p>\n<p style=\"text-align: justify;\">\u00a0<\/p>\n","protected":false},"excerpt":{"rendered":"","protected":false},"author":6,"featured_media":25219,"comment_status":"open","ping_status":"open","sticky":false,"template":"","format":"standard","meta":{"_acf_changed":false,"_monsterinsights_skip_tracking":false,"slim_seo":{"title":"Sancionar\u00e1n desde hoy a quienes se nieguen a usar cubrebocas - Opini\u00f3n P\u00fablica","description":"Chihuahua, Chih .- A partir de este jueves 26 de noviembre entran en vigor las disposiciones de la nueva ley que obliga a los chihuahuenses al uso de cubrebocas"},"footnotes":""},"categories":[4],"tags":[],"class_list":["post-25220","post","type-post","status-publish","format-standard","has-post-thumbnail","hentry","category-pulsopolitico"],"acf":[],"_links":{"self":[{"href":"https:\/\/www.opinionpublica.tv\/portada\/wp-json\/wp\/v2\/posts\/25220","targetHints":{"allow":["GET"]}}],"collection":[{"href":"https:\/\/www.opinionpublica.tv\/portada\/wp-json\/wp\/v2\/posts"}],"about":[{"href":"https:\/\/www.opinionpublica.tv\/portada\/wp-json\/wp\/v2\/types\/post"}],"author":[{"embeddable":true,"href":"https:\/\/www.opinionpublica.tv\/portada\/wp-json\/wp\/v2\/users\/6"}],"replies":[{"embeddable":true,"href":"https:\/\/www.opinionpublica.tv\/portada\/wp-json\/wp\/v2\/comments?post=25220"}],"version-history":[{"count":0,"href":"https:\/\/www.opinionpublica.tv\/portada\/wp-json\/wp\/v2\/posts\/25220\/revisions"}],"wp:featuredmedia":[{"embeddable":true,"href":"https:\/\/www.opinionpublica.tv\/portada\/wp-json\/wp\/v2\/media\/25219"}],"wp:attachment":[{"href":"https:\/\/www.opinionpublica.tv\/portada\/wp-json\/wp\/v2\/media?parent=25220"}],"wp:term":[{"taxonomy":"category","embeddable":true,"href":"https:\/\/www.opinionpublica.tv\/portada\/wp-json\/wp\/v2\/categories?post=25220"},{"taxonomy":"post_tag","embeddable":true,"href":"https:\/\/www.opinionpublica.tv\/portada\/wp-json\/wp\/v2\/tags?post=25220"}],"curies":[{"name":"wp","href":"https:\/\/api.w.org\/{rel}","templated":true}]}}