{"id":25142,"date":"2020-11-23T07:00:00","date_gmt":"2020-11-23T06:00:00","guid":{"rendered":"https:\/\/www.opinionpublica.tv\/portada\/2020\/11\/23\/pandemia-con-incertidumbre\/"},"modified":"2020-11-23T07:00:00","modified_gmt":"2020-11-23T06:00:00","slug":"pandemia-con-incertidumbre","status":"publish","type":"post","link":"https:\/\/www.opinionpublica.tv\/portada\/pandemia-con-incertidumbre\/","title":{"rendered":"Pandemia con incertidumbre"},"content":{"rendered":"<img fetchpriority=\"high\" decoding=\"async\" class=\" size-full wp-image-25141\" src=\"https:\/\/www.opinionpublica.tv\/portada\/wp-content\/uploads\/2020\/11\/e3a4a091e0ca8564cbfc8c8d5421f00f.jpg\" alt=\"\" class=\"caption\" title=\"Eduardo Borunda Escobedo.\" width=\"215\" height=\"241\" \/>\n<p style=\"text-align: justify;\">Vivimos en un mundo incierto. Tenemos un c\u00famulo de sentimientos encontrados, seres que nacen, crecen, se reproducen y finalmente llegan a cumplir con el ciclo de la vida. La pandemia actual nos ha recordado demasiado pronto la fragilidad del ser humano y en el cual los m\u00e1s poderosos podr\u00e1n sobrevivir. Cuando hacemos menci\u00f3n a los m\u00e1s \u201cpoderosos\u201d no nos referimos a quienes tienen m\u00e1s tecnolog\u00eda, m\u00e1s dinero, m\u00e1s poder pol\u00edtico y\/o religioso sino a los que tienen m\u00e1s defensas en su sistema inmunol\u00f3gico.<\/p>\n<p><!--more--><\/p>\n<p style=\"text-align: justify;\">La par\u00e1lisis mundial que enfrenta la humanidad se encuentra en un peque\u00f1o virus asesino que pasa de persona a persona, las medidas sanitarias no han podido detener su propagaci\u00f3n, s\u00f3lo la intervenci\u00f3n de una vacuna que se aproxima a una posible soluci\u00f3n dar\u00e1 esperanzas a la poblaci\u00f3n de sobrevivir a un virus que est\u00e1 diezmando a las familias de todo el mundo.<\/p>\n<p style=\"text-align: justify;\">El papel del gobierno es atender la emergencia sanitaria. Es un rol que est\u00e1 consagrado en la Constituci\u00f3n mexicana, delegado a las dependencias federales y estatales. Los gobiernos municipales colaboran en la atenci\u00f3n m\u00ednima. Si bien es cierto que la responsabilidad total recae en las autoridades federales, la crisis rebas\u00f3 por mucho los pron\u00f3sticos y proyecciones que en el peor de los escenarios qued\u00f3 como el m\u00e1s m\u00ednimo de los da\u00f1os. M\u00e1s de 100 mil muertes van a pesar mucho en el coraz\u00f3n de las familias mexicanas, la historia juzgar\u00e1.<\/p>\n<p style=\"text-align: justify;\">La sociedad debe tomar conciencia social. Las medidas de sana distancia, uso de cubrebocas, lavarse las manos, desinfectar \u00e1reas comunes, no ir en grupo a compras del supermercado, as\u00ed como atender las indicaciones para evitar reuniones masivas, no realizar actividades innecesarias son s\u00f3lo una parte de lo que de manera individual y colectivamente podemos hacer.<\/p>\n<p style=\"text-align: justify;\">La pandemia tiene en estos momentos una terminaci\u00f3n incierta, no sabemos cu\u00e1ndo podremos tener un espacio libre de propagaci\u00f3n, ni con exactitud cu\u00e1nto tiempo m\u00e1s tardar\u00e1 la vacunaci\u00f3n masiva. Ser\u00e1 un nuevo episodio, una nueva batalla, recordando que estamos en una situaci\u00f3n de guerra. En una guerra hay muerte y destrucci\u00f3n, debemos entender que no hay alternativa, atendemos la \u00a0emergencia con una cuesti\u00f3n de vida o muerte. Las cifras que se reportan por el sector salud indican que existe una alta mortandad en Ciudad Ju\u00e1rez, diariamente en las \u00faltimas tres semanas los n\u00fameros no bajan de entre 30 a 50 fallecimientos.<\/p>\n<p style=\"text-align: justify;\">Es tiempo de preparaci\u00f3n. Si bien es cierto que hay incertidumbre, tambi\u00e9n es necesario poner orden en casa. Tenemos que seguir prepar\u00e1ndonos, entender que tenemos que cambiar ciertos h\u00e1bitos, que debe predominar m\u00e1s la raz\u00f3n que el sentimiento, es decir, debemos entender que no podremos vivir como tradicionalmente lo hac\u00edamos. Es tiempo de emprender cambios en nuestras vidas, habr\u00e1 despu\u00e9s de la pandemia una crisis econ\u00f3mica, una recesi\u00f3n y en ello debemos empezar a trabajar.<\/p>\n<p style=\"text-align: justify;\">Una buena opci\u00f3n para despu\u00e9s de la pandemia es continuar con los estudios, sabemos que hay una gran deserci\u00f3n escolar, las modalidades no convencionales no convencen a muchos estudiantes y a maestros de todos los niveles. Sabemos que de las peores cat\u00e1strofes debemos sacar alg\u00fan provecho o ense\u00f1anza, por ellos debemos seguir preparando a las generaciones que han nacido en estas circunstancias y prevenir a las que vienen.<\/p>\n<p style=\"text-align: justify;\">Si consideras abrir un negocio, seguramente te preguntas si es buena idea. Te puedo comentar el \u00e9xito de las grandes empresas que aplican principios de la administraci\u00f3n en los m\u00e1s sencillos comercios y empresas a las m\u00e1s complejas de las organizaciones: calidad, innovaci\u00f3n, rapidez e innovaci\u00f3n. Estos cuatro principios pueden hacer florecer un negocio que tenga operaciones actualmente o bien abrir una ventana competitiva para quienes a\u00fan se encuentran indecisos en abrir o no un nuevo negocio.<\/p>\n<p style=\"text-align: justify;\">Aprender un nuevo oficio, perfeccionarse en el que trabajamos, desarrollar alternativas que ayuden en lo econ\u00f3mico (ahorro, reciclaje, reacondicionamiento de ciertos productos) y en la preparaci\u00f3n del futuro incierto, son algunas de las opciones que tenemos. Recordemos que estamos en una guerra bacteriol\u00f3gica, con un virus al que tenemos que vencer y ante el cual debemos tener las m\u00e1ximas precauciones. En conclusi\u00f3n estamos en guerra y as\u00ed debemos comportarnos.<\/p>\n<p style=\"text-align: justify;\">\u00a0<\/p>\n","protected":false},"excerpt":{"rendered":"<p>Vivimos en un mundo incierto. Tenemos un c\u00famulo de sentimientos encontrados, seres que nacen, crecen, se reproducen y finalmente llegan a cumplir con el ciclo de la vida. La pandemia actual nos ha recordado demasiado pronto la fragilidad del ser humano y en el cual los m\u00e1s poderosos podr\u00e1n sobrevivir. Cuando hacemos menci\u00f3n a los [&hellip;]<\/p>\n","protected":false},"author":6,"featured_media":25141,"comment_status":"open","ping_status":"open","sticky":false,"template":"","format":"standard","meta":{"_acf_changed":false,"_monsterinsights_skip_tracking":false,"slim_seo":{"title":"Pandemia con incertidumbre - Opini\u00f3n P\u00fablica","description":"Vivimos en un mundo incierto. Tenemos un c\u00famulo de sentimientos encontrados, seres que nacen, crecen, se reproducen y finalmente llegan a cumplir con el ciclo d"},"footnotes":""},"categories":[31],"tags":[],"class_list":["post-25142","post","type-post","status-publish","format-standard","has-post-thumbnail","hentry","category-galimatias"],"acf":[],"_links":{"self":[{"href":"https:\/\/www.opinionpublica.tv\/portada\/wp-json\/wp\/v2\/posts\/25142","targetHints":{"allow":["GET"]}}],"collection":[{"href":"https:\/\/www.opinionpublica.tv\/portada\/wp-json\/wp\/v2\/posts"}],"about":[{"href":"https:\/\/www.opinionpublica.tv\/portada\/wp-json\/wp\/v2\/types\/post"}],"author":[{"embeddable":true,"href":"https:\/\/www.opinionpublica.tv\/portada\/wp-json\/wp\/v2\/users\/6"}],"replies":[{"embeddable":true,"href":"https:\/\/www.opinionpublica.tv\/portada\/wp-json\/wp\/v2\/comments?post=25142"}],"version-history":[{"count":0,"href":"https:\/\/www.opinionpublica.tv\/portada\/wp-json\/wp\/v2\/posts\/25142\/revisions"}],"wp:featuredmedia":[{"embeddable":true,"href":"https:\/\/www.opinionpublica.tv\/portada\/wp-json\/wp\/v2\/media\/25141"}],"wp:attachment":[{"href":"https:\/\/www.opinionpublica.tv\/portada\/wp-json\/wp\/v2\/media?parent=25142"}],"wp:term":[{"taxonomy":"category","embeddable":true,"href":"https:\/\/www.opinionpublica.tv\/portada\/wp-json\/wp\/v2\/categories?post=25142"},{"taxonomy":"post_tag","embeddable":true,"href":"https:\/\/www.opinionpublica.tv\/portada\/wp-json\/wp\/v2\/tags?post=25142"}],"curies":[{"name":"wp","href":"https:\/\/api.w.org\/{rel}","templated":true}]}}