{"id":2506,"date":"2016-08-16T06:00:00","date_gmt":"2016-08-16T04:00:00","guid":{"rendered":"https:\/\/www.opinionpublica.tv\/portada\/2016\/08\/16\/prepara-lopez-doriga-su-salida-del-canal-de-las-estrellas\/"},"modified":"2016-08-16T06:00:00","modified_gmt":"2016-08-16T04:00:00","slug":"prepara-lopez-doriga-su-salida-del-canal-de-las-estrellas","status":"publish","type":"post","link":"https:\/\/www.opinionpublica.tv\/portada\/prepara-lopez-doriga-su-salida-del-canal-de-las-estrellas\/","title":{"rendered":"Prepara L\u00f3pez D\u00f3riga su salida del Canal de Las Estrellas"},"content":{"rendered":"<p><img fetchpriority=\"high\" decoding=\"async\" class=\" size-full wp-image-2505\" src=\"https:\/\/www.opinionpublica.tv\/portada\/wp-content\/uploads\/2016\/08\/e9541ff3a1192f3e251347f9009ffd21.jpg\" alt=\"\" width=\"460\" height=\"290\" srcset=\"https:\/\/www.opinionpublica.tv\/portada\/wp-content\/uploads\/2016\/08\/e9541ff3a1192f3e251347f9009ffd21.jpg 460w, https:\/\/www.opinionpublica.tv\/portada\/wp-content\/uploads\/2016\/08\/e9541ff3a1192f3e251347f9009ffd21-300x189.jpg 300w\" sizes=\"(max-width: 460px) 100vw, 460px\" \/><\/p>\n<p style=\"text-align: justify;\">El veterano periodista Joaqu\u00edn L\u00f3pez D\u00f3riga anunci\u00f3 hace algunos meses su salida del noticiero m\u00e1s visto de M\u00e9xico para emprender nuevos proyectos dentro de Televisa, y hace unas semanas la televisora de Emilio Azc\u00e1rraga confirm\u00f3 diversos cambios en algunas de sus producciones, as\u00ed como relevos en sus informativos estelares.<\/p>\n<p><!--more--><\/p>\n<p style=\"text-align: justify;\">Por esta raz\u00f3n, el pr\u00f3ximo 22 de agosto, la televisora de San \u00c1ngel presentar\u00e1 una reestructura completa, empezando por la desaparici\u00f3n de \u201cEl Canal de las Estrellas\u201d, para darle entrada a una nueva imagen.<\/p>\n<p style=\"text-align: justify;\">Esta modificaci\u00f3n es encabezada por Jos\u00e9 Bast\u00f3n, presidente de Televisi\u00f3n y Contenidos de Grupo Televisa, y es asesorado por Lee Hunt, quien colabor\u00f3 con el posicionamiento de importantes medios internacionales como BBC, CBS, Discovery, Fox, NBC, E!, CTC y globo.<\/p>\n<p style=\"text-align: justify;\">Con el objetivo de tener un mayor acercamiento a la audiencia, la televisora trabajar\u00e1 de la mano de la Universidad de Miami y la Universidad del Sur de California para crear un \u00e1rea de investigaci\u00f3n sobre el comportamiento de audiencias a nivel regional y global.<\/p>\n<p style=\"text-align: justify;\">Adem\u00e1s por primera vez en la historia se aliar\u00e1 con TV Azteca para crear una producci\u00f3n que haga frente a Netflix a trav\u00e9s de la plataforma de Blim.<\/p>\n","protected":false},"excerpt":{"rendered":"<p>El veterano periodista Joaqu\u00edn L\u00f3pez D\u00f3riga anunci\u00f3 hace algunos meses su salida del noticiero m\u00e1s visto de M\u00e9xico para emprender nuevos proyectos dentro de Televisa, y hace unas semanas la televisora de Emilio Azc\u00e1rraga confirm\u00f3 diversos cambios en algunas de sus producciones, as\u00ed como relevos en sus informativos estelares.<\/p>\n","protected":false},"author":5,"featured_media":2505,"comment_status":"open","ping_status":"open","sticky":false,"template":"","format":"standard","meta":{"_acf_changed":false,"_monsterinsights_skip_tracking":false,"slim_seo":{"title":"Prepara L\u00f3pez D\u00f3riga su salida del Canal de Las Estrellas - Opini\u00f3n P\u00fablica","description":"El veterano periodista Joaqu\u00edn L\u00f3pez D\u00f3riga anunci\u00f3 hace algunos meses su salida del noticiero m\u00e1s visto de M\u00e9xico para emprender nuevos proyectos dentro de Tel"},"footnotes":""},"categories":[11],"tags":[],"class_list":["post-2506","post","type-post","status-publish","format-standard","has-post-thumbnail","hentry","category-tendencias"],"acf":[],"_links":{"self":[{"href":"https:\/\/www.opinionpublica.tv\/portada\/wp-json\/wp\/v2\/posts\/2506","targetHints":{"allow":["GET"]}}],"collection":[{"href":"https:\/\/www.opinionpublica.tv\/portada\/wp-json\/wp\/v2\/posts"}],"about":[{"href":"https:\/\/www.opinionpublica.tv\/portada\/wp-json\/wp\/v2\/types\/post"}],"author":[{"embeddable":true,"href":"https:\/\/www.opinionpublica.tv\/portada\/wp-json\/wp\/v2\/users\/5"}],"replies":[{"embeddable":true,"href":"https:\/\/www.opinionpublica.tv\/portada\/wp-json\/wp\/v2\/comments?post=2506"}],"version-history":[{"count":0,"href":"https:\/\/www.opinionpublica.tv\/portada\/wp-json\/wp\/v2\/posts\/2506\/revisions"}],"wp:featuredmedia":[{"embeddable":true,"href":"https:\/\/www.opinionpublica.tv\/portada\/wp-json\/wp\/v2\/media\/2505"}],"wp:attachment":[{"href":"https:\/\/www.opinionpublica.tv\/portada\/wp-json\/wp\/v2\/media?parent=2506"}],"wp:term":[{"taxonomy":"category","embeddable":true,"href":"https:\/\/www.opinionpublica.tv\/portada\/wp-json\/wp\/v2\/categories?post=2506"},{"taxonomy":"post_tag","embeddable":true,"href":"https:\/\/www.opinionpublica.tv\/portada\/wp-json\/wp\/v2\/tags?post=2506"}],"curies":[{"name":"wp","href":"https:\/\/api.w.org\/{rel}","templated":true}]}}