{"id":25002,"date":"2020-11-10T07:00:00","date_gmt":"2020-11-10T06:00:00","guid":{"rendered":"https:\/\/www.opinionpublica.tv\/portada\/2020\/11\/10\/despide-trump-al-secretario-de-defensa-mark-esper\/"},"modified":"2020-11-10T07:00:00","modified_gmt":"2020-11-10T06:00:00","slug":"despide-trump-al-secretario-de-defensa-mark-esper","status":"publish","type":"post","link":"https:\/\/www.opinionpublica.tv\/portada\/despide-trump-al-secretario-de-defensa-mark-esper\/","title":{"rendered":"Despide Trump al secretario de Defensa Mark Esper"},"content":{"rendered":"<p><img fetchpriority=\"high\" decoding=\"async\" class=\" size-full wp-image-25001\" src=\"https:\/\/www.opinionpublica.tv\/portada\/wp-content\/uploads\/2020\/11\/55b7a446e3405c0b9f272744b470a905.jpg\" alt=\"\" class=\"caption\" title=\"Donald Trump, presidente de Estados Unidos y el secretario de Defensa Mark Esper.\" width=\"720\" height=\"405\" srcset=\"https:\/\/www.opinionpublica.tv\/portada\/wp-content\/uploads\/2020\/11\/55b7a446e3405c0b9f272744b470a905.jpg 720w, https:\/\/www.opinionpublica.tv\/portada\/wp-content\/uploads\/2020\/11\/55b7a446e3405c0b9f272744b470a905-300x169.jpg 300w\" sizes=\"(max-width: 720px) 100vw, 720px\" \/><br \/>\n<!--more--><\/p>\n<p style=\"text-align: justify;\"><em>Washington, EU<\/em>.- El presidente Donald Trump anunci\u00f3 en Twitter el lunes que hab\u00eda despedido al secretario de Defensa Mark Esper y que Christopher Miller se convertir\u00eda en secretario interino \u00abcon efecto inmediato\u00bb.<\/p>\n<p style=\"text-align: justify;\">La relaci\u00f3n cada vez m\u00e1s tensa de Esper con Trump lo llev\u00f3 a preparar una carta de renuncia hace semanas, en un intento de dar forma a una salida elegante en el evento ampliamente esperado de que el presidente decidiera despedirlo, dijeron a CNN varias fuentes de Defensa, incluido un alto funcionario.<\/p>\n<p style=\"text-align: justify;\">Las tensiones entre Esper y Trump tambi\u00e9n se manifestaron p\u00fablicamente y hab\u00edan estado hirviendo el tiempo suficiente para que el secretario de Defensa hubiera preparado una carta de renuncia hace semanas, consciente de que el presidente pod\u00eda despedirlo por tuit en cualquier momento.<\/p>\n<p style=\"text-align: justify;\">Esper hab\u00eda estado en terreno inestable con la Casa Blanca durante meses, una brecha que se profundiz\u00f3 despu\u00e9s de que dijo en junio que no apoyaba el uso de tropas en servicio activo para sofocar las protestas a gran escala en Estados Unidos provocadas por la muerte de George Floyd a manos de la polic\u00eda. Esper tambi\u00e9n dijo que las fuerzas militares deben usarse en un papel de aplicaci\u00f3n de la ley solo como \u00faltimo recurso.<\/p>\n<p style=\"text-align: justify;\">Sus comentarios desde la sala de reuniones del Pent\u00e1gono fueron vistos por muchos como un esfuerzo por distanciarse de las amenazas de Trump de desplegar al ej\u00e9rcito para hacer cumplir el orden en las calles de las ciudades estadounidenses y no fueron bien recibidos en la Casa Blanca, dijeron varias personas familiarizadas con el asunto. (CNN)<\/p>\n","protected":false},"excerpt":{"rendered":"","protected":false},"author":6,"featured_media":25001,"comment_status":"open","ping_status":"open","sticky":false,"template":"","format":"standard","meta":{"_acf_changed":false,"_monsterinsights_skip_tracking":false,"slim_seo":{"title":"Despide Trump al secretario de Defensa Mark Esper - Opini\u00f3n P\u00fablica","description":"Washington, EU .- El presidente Donald Trump anunci\u00f3 en Twitter el lunes que hab\u00eda despedido al secretario de Defensa Mark Esper y que Christopher Miller se con"},"footnotes":""},"categories":[24],"tags":[],"class_list":["post-25002","post","type-post","status-publish","format-standard","has-post-thumbnail","hentry","category-estados-unidos"],"acf":[],"_links":{"self":[{"href":"https:\/\/www.opinionpublica.tv\/portada\/wp-json\/wp\/v2\/posts\/25002","targetHints":{"allow":["GET"]}}],"collection":[{"href":"https:\/\/www.opinionpublica.tv\/portada\/wp-json\/wp\/v2\/posts"}],"about":[{"href":"https:\/\/www.opinionpublica.tv\/portada\/wp-json\/wp\/v2\/types\/post"}],"author":[{"embeddable":true,"href":"https:\/\/www.opinionpublica.tv\/portada\/wp-json\/wp\/v2\/users\/6"}],"replies":[{"embeddable":true,"href":"https:\/\/www.opinionpublica.tv\/portada\/wp-json\/wp\/v2\/comments?post=25002"}],"version-history":[{"count":0,"href":"https:\/\/www.opinionpublica.tv\/portada\/wp-json\/wp\/v2\/posts\/25002\/revisions"}],"wp:featuredmedia":[{"embeddable":true,"href":"https:\/\/www.opinionpublica.tv\/portada\/wp-json\/wp\/v2\/media\/25001"}],"wp:attachment":[{"href":"https:\/\/www.opinionpublica.tv\/portada\/wp-json\/wp\/v2\/media?parent=25002"}],"wp:term":[{"taxonomy":"category","embeddable":true,"href":"https:\/\/www.opinionpublica.tv\/portada\/wp-json\/wp\/v2\/categories?post=25002"},{"taxonomy":"post_tag","embeddable":true,"href":"https:\/\/www.opinionpublica.tv\/portada\/wp-json\/wp\/v2\/tags?post=25002"}],"curies":[{"name":"wp","href":"https:\/\/api.w.org\/{rel}","templated":true}]}}