{"id":25000,"date":"2020-11-08T07:00:00","date_gmt":"2020-11-08T06:00:00","guid":{"rendered":"https:\/\/www.opinionpublica.tv\/portada\/2020\/11\/08\/el-dia-que-hernan-cortes-conocio-a-moctezuma\/"},"modified":"2020-11-08T07:00:00","modified_gmt":"2020-11-08T06:00:00","slug":"el-dia-que-hernan-cortes-conocio-a-moctezuma","status":"publish","type":"post","link":"https:\/\/www.opinionpublica.tv\/portada\/el-dia-que-hernan-cortes-conocio-a-moctezuma\/","title":{"rendered":"El d\u00eda que Hern\u00e1n Cort\u00e9s conoci\u00f3 a Moctezuma"},"content":{"rendered":"<p><img fetchpriority=\"high\" decoding=\"async\" class=\" size-full wp-image-24997\" src=\"https:\/\/www.opinionpublica.tv\/portada\/wp-content\/uploads\/2020\/11\/f735ab612682b1fc1e35e948c689b0ec.jpg\" alt=\"\" class=\"caption\" title=\"El conquistador espa\u00f1ol Hern\u00e1n Cort\u00e9s conoce al emperador azteca Moctezuma.\" width=\"450\" height=\"260\" srcset=\"https:\/\/www.opinionpublica.tv\/portada\/wp-content\/uploads\/2020\/11\/f735ab612682b1fc1e35e948c689b0ec.jpg 450w, https:\/\/www.opinionpublica.tv\/portada\/wp-content\/uploads\/2020\/11\/f735ab612682b1fc1e35e948c689b0ec-300x173.jpg 300w\" sizes=\"(max-width: 450px) 100vw, 450px\" \/><br \/>\n<!--more--><\/p>\n<p style=\"text-align: justify;\">El primer encuentro del\u00a0conquistador Hern\u00e1n Cort\u00e9s\u00a0con el\u00a0tlatoani Moctezuma\u00a0tuvo fecha un 8 de noviembre de 1519, justo en donde se unen las calles que hoy constituyen Rep\u00fablica del Salvador y Pino Su\u00e1rez.<\/p>\n<p style=\"text-align: justify;\">Tras su llegada por Cholula, los espa\u00f1oles avanzaron hasta Tenochtitl\u00e1n. Su arribo fue por Iztapalapa, y m\u00e1s tarde partir\u00edan esa ma\u00f1ana de 1519 para encontrarse con Moctezuma. Si en algo coinciden las cr\u00f3nicas de\u00a0Cort\u00e9s y Bernal D\u00edaz, es en la sorpresa e impresi\u00f3n que les caus\u00f3 ver por primera vez a Moctezuma, el cual ven\u00eda acompa\u00f1ado de cuatro se\u00f1ores con ostentosas prendas.<\/p>\n<p style=\"text-align: justify;\">Bernal D\u00edaz del Castillo relata:<\/p>\n<p style=\"text-align: justify;\"><em>\u00ab<\/em><em>Ya que lleg\u00e1bamos cerca de M\u00e9xico \u2026. se ape\u00f3 el gran Montezuma de las andas, y tra\u00edanle del brazo aquellos grandes caciques, de bajo de un palio muy riqu\u00edsimo a maravilla, y la color de plumas verdes con grandes labores de oro, con mucha argenter\u00eda y perlas y piedras chalchihuites (jade) que colgaban de unas como bordaduras \u2026 otros muchos se\u00f1ores ven\u00edan delante del gran Moctezuma, barriendo el suelo por donde hab\u00eda de pasar, y le pon\u00edan mantas para que no pisase la tierra\u00bb.<\/em><\/p>\n<p style=\"text-align: justify;\"><em><img decoding=\"async\" class=\" size-full wp-image-24998\" src=\"https:\/\/www.opinionpublica.tv\/portada\/wp-content\/uploads\/2020\/11\/hernan_1.jpg\" width=\"1200\" height=\"836\" srcset=\"https:\/\/www.opinionpublica.tv\/portada\/wp-content\/uploads\/2020\/11\/hernan_1.jpg 1200w, https:\/\/www.opinionpublica.tv\/portada\/wp-content\/uploads\/2020\/11\/hernan_1-300x209.jpg 300w, https:\/\/www.opinionpublica.tv\/portada\/wp-content\/uploads\/2020\/11\/hernan_1-1024x713.jpg 1024w, https:\/\/www.opinionpublica.tv\/portada\/wp-content\/uploads\/2020\/11\/hernan_1-768x535.jpg 768w\" sizes=\"(max-width: 1200px) 100vw, 1200px\" \/><\/em><\/p>\n<p style=\"text-align: justify;\">Moctezuma toma de la mano a Hern\u00e1n Cort\u00e9s y lo lleva a una gran sala que estaba frontera del patio por donde entraron. El emperador le dijo que lo esperase y se fue.<\/p>\n<p style=\"text-align: justify;\">Hern\u00e1n Cort\u00e9s narra:<\/p>\n<p style=\"text-align: justify;\"><em>\u00abY dende<sup><a href=\"https:\/\/www.mexicomaxico.org\/Tenoch\/Tenoch1.htm#Notas\">4<\/a><\/sup>\u00a0a poco rato, ya que toda la gente de mi compa\u00f1\u00eda estaba aposentada, volvi\u00f3 con muchas y diversas joyas de oro y plata, y plumajes, y con hasta cinco o seis mil piezas de ropa de algod\u00f3n, muy ricas y de diversas maneras tejidas y labradas, y despu\u00e9s de me las haber dado, se sent\u00f3 en otro estrado que luego le hicieron all\u00ed junto con el otro donde yo estaba\u00bb.<\/em><\/p>\n<p style=\"text-align: justify;\">Una vez que los espa\u00f1oles se asientan en el palacio de Axay\u00e1ctl, Moctezuma le cuenta a Hern\u00e1n Cort\u00e9s que en sus escrituras, sus antepasados dieron noticia de unos extranjeros que ven\u00edan de partes extra\u00f1as para dominar las tierras aztecas.<\/p>\n<p style=\"text-align: justify;\">Cort\u00e9s escribe las palabras de Moctezuma:<\/p>\n<p style=\"text-align: justify;\"><em>\u00abY pues est\u00e1is en vuestra naturaleza y en vuestra casa, holgad y descansad del trabajo del camino y guerras que hab\u00e9is tenido, que muy bien s\u00e9 todos los que se vos han ofrecido de Puntunch\u00e1n ac\u00e1, y bien s\u00e9 que los de Cempoal y de Tascaltecal os han dicho muchos males de m\u00ed. No cre\u00e1is m\u00e1s de lo que por vuestros ojos veredes<sup><a href=\"https:\/\/www.mexicomaxico.org\/Tenoch\/Tenoch1.htm#Notas\">5<\/a><\/sup>, en especial de aquellos que son mis enemigos, y algunos de ellos eran mis vasallos y h\u00e1nseme rebelado con vuestra venida, y\u00a0por se favorecer con vos lo dicen\u00bb.<\/em><\/p>\n<p style=\"text-align: justify;\"><em><img decoding=\"async\" class=\" size-full wp-image-24999\" src=\"https:\/\/www.opinionpublica.tv\/portada\/wp-content\/uploads\/2020\/11\/hernan_2.jpeg\" width=\"1800\" height=\"1033\" srcset=\"https:\/\/www.opinionpublica.tv\/portada\/wp-content\/uploads\/2020\/11\/hernan_2.jpeg 1800w, https:\/\/www.opinionpublica.tv\/portada\/wp-content\/uploads\/2020\/11\/hernan_2-300x172.jpeg 300w, https:\/\/www.opinionpublica.tv\/portada\/wp-content\/uploads\/2020\/11\/hernan_2-1024x588.jpeg 1024w, https:\/\/www.opinionpublica.tv\/portada\/wp-content\/uploads\/2020\/11\/hernan_2-768x441.jpeg 768w, https:\/\/www.opinionpublica.tv\/portada\/wp-content\/uploads\/2020\/11\/hernan_2-1536x881.jpeg 1536w\" sizes=\"(max-width: 1800px) 100vw, 1800px\" \/><\/em><\/p>\n<p style=\"text-align: justify;\">Por su parte, Bernal D\u00edaz describe al tlatoani as\u00ed:<\/p>\n<p style=\"text-align: justify;\"><em>\u00abEra el gran Montezuma de edad de hasta cuarenta a\u00f1os, de buena estatura y bien proporcionado, cence\u00f1o y de pocas carnes, y el color no muy moreno, sino propio color y matiz de indio. Tra\u00eda los cabellos no muy largos, sino cuanto le cubr\u00edan las orejas, y pocas barbas, prietas, bien puestas y ralas. El rostro algo largo y alegre, los ojos de buena manera, y mostraba en su persona, en el mirar, por un cabo amor, y cuando era menester, gravedad. Era muy pulido y limpio, ba\u00f1\u00e1base cada d\u00eda una vez a la tarde\u00bb.<\/em><\/p>\n<p style=\"text-align: justify;\">M\u00e1s tarde, Moctezuma invita a los espa\u00f1oles a una comida. Esta experiencia la explica Bernal D\u00edaz en su obra \u00abHistoria verdadera de la Conquista de la Nueva Espa\u00f1a:<\/p>\n<p style=\"text-align: justify;\"><em>\u00abMientras el tlatoani com\u00eda hab\u00eda personas contrahechas que bailaban y cantaban El palacio contaba con buen n\u00famero de aposentos En unos hab\u00eda armas, en otros bastimentos. Hab\u00eda una especie de zool\u00f3gico con animales de todo g\u00e9nero y hasta un estanque para aves. Numerosos artesanos estaban al servicio del tlatoani, y qu\u00e9 decir de las mujeres y concubinas del se\u00f1or. Huertas de flores, \u00e1rboles olorosos y estanques de agua dulce formaban parte del palacio\u00bb.<\/em><\/p>\n<p style=\"text-align: justify;\">A pesar de las atenciones por parte del pueblo mexica para con los visitantes europeos, \u00e9stos terminan por tomar preso a Moctezuma. Existen cr\u00f3nicas que aseguran que los mismos aztecas son quienes liquidan al emperador. Sin embargo, hay otros textos que dicen que el tlatoani fue asesinado por los espa\u00f1oles, pues ya no les era \u00fatil.<\/p>\n<p style=\"text-align: justify;\">Acerca de esto, Bernal D\u00edaz escribe:<\/p>\n<p style=\"text-align: justify;\"><em>\u00abCuando as\u00ed le vieron muerto, vimos que hicieron muy gran llanto, que bien o\u00edmos las gritas y aullidos que por \u00e9l daban; y a\u00fan con todo esto no ces\u00f3 la gran bater\u00eda que siempre nos daban de varas, piedra y flecha, y luego la comenzaron mucho mayor y con gran braveza, y nos dec\u00edan: \u00abAhora pagar\u00e9is muy de verdad la muerte de nuestro rey y se\u00f1or y el deshonor de nuestros \u00eddolos\u2026\u00bb<\/em>.<\/p>\n","protected":false},"excerpt":{"rendered":"","protected":false},"author":6,"featured_media":24997,"comment_status":"open","ping_status":"open","sticky":false,"template":"","format":"standard","meta":{"_acf_changed":false,"_monsterinsights_skip_tracking":false,"slim_seo":{"title":"El d\u00eda que Hern\u00e1n Cort\u00e9s conoci\u00f3 a Moctezuma - Opini\u00f3n P\u00fablica","description":"El primer encuentro del\u00a0conquistador Hern\u00e1n Cort\u00e9s\u00a0con el\u00a0tlatoani Moctezuma\u00a0tuvo fecha un 8 de noviembre de 1519, justo en donde se unen las calles que hoy con"},"footnotes":""},"categories":[14],"tags":[],"class_list":["post-25000","post","type-post","status-publish","format-standard","has-post-thumbnail","hentry","category-historias"],"acf":[],"_links":{"self":[{"href":"https:\/\/www.opinionpublica.tv\/portada\/wp-json\/wp\/v2\/posts\/25000","targetHints":{"allow":["GET"]}}],"collection":[{"href":"https:\/\/www.opinionpublica.tv\/portada\/wp-json\/wp\/v2\/posts"}],"about":[{"href":"https:\/\/www.opinionpublica.tv\/portada\/wp-json\/wp\/v2\/types\/post"}],"author":[{"embeddable":true,"href":"https:\/\/www.opinionpublica.tv\/portada\/wp-json\/wp\/v2\/users\/6"}],"replies":[{"embeddable":true,"href":"https:\/\/www.opinionpublica.tv\/portada\/wp-json\/wp\/v2\/comments?post=25000"}],"version-history":[{"count":0,"href":"https:\/\/www.opinionpublica.tv\/portada\/wp-json\/wp\/v2\/posts\/25000\/revisions"}],"wp:featuredmedia":[{"embeddable":true,"href":"https:\/\/www.opinionpublica.tv\/portada\/wp-json\/wp\/v2\/media\/24997"}],"wp:attachment":[{"href":"https:\/\/www.opinionpublica.tv\/portada\/wp-json\/wp\/v2\/media?parent=25000"}],"wp:term":[{"taxonomy":"category","embeddable":true,"href":"https:\/\/www.opinionpublica.tv\/portada\/wp-json\/wp\/v2\/categories?post=25000"},{"taxonomy":"post_tag","embeddable":true,"href":"https:\/\/www.opinionpublica.tv\/portada\/wp-json\/wp\/v2\/tags?post=25000"}],"curies":[{"name":"wp","href":"https:\/\/api.w.org\/{rel}","templated":true}]}}